{"id":3395,"date":"2025-03-12T15:18:52","date_gmt":"2025-03-12T14:18:52","guid":{"rendered":"https:\/\/masricardenque.fr\/?p=3395"},"modified":"2024-06-30T15:25:11","modified_gmt":"2024-06-30T13:25:11","slug":"taille-vignes","status":"publish","type":"post","link":"https:\/\/masricardenque.fr\/en\/non-classe\/taille-vignes\/","title":{"rendered":"La Taille des Vignes au Mas Ricardenque"},"content":{"rendered":"<h2 class=\"wp-block-heading\">Un soin attentif pour les vignes<\/h2>\n\n\n\n<p>La taille des vignes au <a href=\"https:\/\/masricardenque.fr\/en\/\">Mas Ricardenque <\/a>est r\u00e9alis\u00e9e avec un soin attentif, dans le respect des principes de l&rsquo;agriculture biologique. Les viticulteurs, experts dans leur domaine, s\u00e9lectionnent les sarments \u00e0 conserver et \u00e9liminent les parties superflues. Cette pratique favorise une meilleure circulation de la s\u00e8ve et une maturit\u00e9 \u00e9quilibr\u00e9e des raisins.  Les viticulteurs, v\u00e9ritables artisans, ma\u00eetrisent les techniques sp\u00e9cifiques pour fa\u00e7onner les vignes selon leurs besoins. Chaque coupe est effectu\u00e9e avec pr\u00e9cision, permettant d&rsquo;optimiser la vigueur des plants et de favoriser la production de raisins de grande qualit\u00e9. Gr\u00e2ce \u00e0 la taille experte des vignes au Mas Ricardenque, le vignoble conna\u00eet une croissance florissante. Les vignes s&rsquo;\u00e9panouissent et s&rsquo;\u00e9tendent harmonieusement, capturant la g\u00e9n\u00e9rosit\u00e9 du terroir de <a href=\"https:\/\/www.callian.fr\/\">Callian<\/a>.<\/p>\n\n\n\n<h2 class=\"wp-block-heading\">Engagement en agriculture biologique et vignoble d&rsquo;exception \u00e0 Callian<\/h2>\n\n\n\n<p>La taille des vignes au Mas Ricardenque s&rsquo;inscrit dans un engagement fort en faveur de l&rsquo;agriculture biologique. Les pratiques respectueuses de l&rsquo;environnement pr\u00e9servent la biodiversit\u00e9 et permettent aux vignes de s&rsquo;\u00e9panouir de mani\u00e8re naturelle. Les raisins cultiv\u00e9s dans ces conditions offrent un vin d&rsquo;une qualit\u00e9 exceptionnelle, empreint de puret\u00e9 et d&rsquo;authenticit\u00e9. Gr\u00e2ce \u00e0 la taille m\u00e9ticuleuse des vignes, le vignoble du Mas Ricardenque \u00e0 Callian se distingue par son excellence. Les vignes sont magnifiques, align\u00e9es avec pr\u00e9cision et offrant un spectacle visuel saisissant. Les grappes de raisins, v\u00e9ritables joyaux viticoles, t\u00e9moignent de l&rsquo;attention et du savoir-faire d\u00e9ploy\u00e9s pour cr\u00e9er des vins d&rsquo;exception.<\/p>\n\n\n\n<h2 class=\"wp-block-heading\">Conclusion<\/h2>\n\n\n\n<p>La taille des vignes au Mas Ricardenque est une pratique pr\u00e9cieuse qui contribue \u00e0 l&rsquo;\u00e9panouissement du vignoble de Callian, dans le <a href=\"https:\/\/www.paysdefayence.com\/\">Pays de Fayence.<\/a> Dans le respect de l&rsquo;agriculture biologique, cet art permet d&rsquo;obtenir des raisins d&rsquo;une qualit\u00e9 exceptionnelle, conduisant \u00e0 la production de vins empreints d&rsquo;authenticit\u00e9 et de terroir.<\/p>","protected":false},"excerpt":{"rendered":"<p>Un soin attentif pour les vignes La taille des vignes au Mas Ricardenque est r\u00e9alis\u00e9e avec un soin attentif, dans le respect des principes de l&rsquo;agriculture biologique. Les viticulteurs, experts dans leur domaine, s\u00e9lectionnent les sarments \u00e0 conserver et \u00e9liminent les parties superflues. Cette pratique favorise une meilleure circulation de la s\u00e8ve et une maturit\u00e9 [&hellip;]<\/p>\n","protected":false},"author":2,"featured_media":0,"comment_status":"closed","ping_status":"closed","sticky":false,"template":"","format":"standard","meta":{"site-sidebar-layout":"default","site-content-layout":"","ast-site-content-layout":"default","site-content-style":"default","site-sidebar-style":"default","ast-global-header-display":"","ast-banner-title-visibility":"","ast-main-header-display":"","ast-hfb-above-header-display":"","ast-hfb-below-header-display":"","ast-hfb-mobile-header-display":"","site-post-title":"","ast-breadcrumbs-content":"","ast-featured-img":"","footer-sml-layout":"","ast-disable-related-posts":"","theme-transparent-header-meta":"","adv-header-id-meta":"","stick-header-meta":"","header-above-stick-meta":"","header-main-stick-meta":"","header-below-stick-meta":"","astra-migrate-meta-layouts":"set","ast-page-background-enabled":"default","ast-page-background-meta":{"desktop":{"background-color":"var(--ast-global-color-4)","background-image":"","background-repeat":"repeat","background-position":"center center","background-size":"auto","background-attachment":"scroll","background-type":"","background-media":"","overlay-type":"","overlay-color":"","overlay-opacity":"","overlay-gradient":""},"tablet":{"background-color":"","background-image":"","background-repeat":"repeat","background-position":"center center","background-size":"auto","background-attachment":"scroll","background-type":"","background-media":"","overlay-type":"","overlay-color":"","overlay-opacity":"","overlay-gradient":""},"mobile":{"background-color":"","background-image":"","background-repeat":"repeat","background-position":"center center","background-size":"auto","background-attachment":"scroll","background-type":"","background-media":"","overlay-type":"","overlay-color":"","overlay-opacity":"","overlay-gradient":""}},"ast-content-background-meta":{"desktop":{"background-color":"var(--ast-global-color-5)","background-image":"","background-repeat":"repeat","background-position":"center center","background-size":"auto","background-attachment":"scroll","background-type":"","background-media":"","overlay-type":"","overlay-color":"","overlay-opacity":"","overlay-gradient":""},"tablet":{"background-color":"var(--ast-global-color-5)","background-image":"","background-repeat":"repeat","background-position":"center center","background-size":"auto","background-attachment":"scroll","background-type":"","background-media":"","overlay-type":"","overlay-color":"","overlay-opacity":"","overlay-gradient":""},"mobile":{"background-color":"var(--ast-global-color-5)","background-image":"","background-repeat":"repeat","background-position":"center center","background-size":"auto","background-attachment":"scroll","background-type":"","background-media":"","overlay-type":"","overlay-color":"","overlay-opacity":"","overlay-gradient":""}},"footnotes":""},"categories":[1],"tags":[],"class_list":["post-3395","post","type-post","status-publish","format-standard","hentry","category-non-classe"],"yoast_head":"<!-- This site is optimized with the Yoast SEO plugin v27.5 - https:\/\/yoast.com\/product\/yoast-seo-wordpress\/ -->\n<title>La Taille des Vignes au Mas Ricardenque - Mas Ricardenque<\/title>\n<meta name=\"description\" content=\"La taille des vignes est une \u00e9tape cruciale dans l&#039;entretien des vignobles de Callian, dans le magnifique Pays de Fayence. Au Mas Ricardenque, domaine viticole engag\u00e9 dans l&#039;agriculture biologique, cet art pr\u00e9cieux est pratiqu\u00e9 avec passion.\" \/>\n<meta name=\"robots\" content=\"index, follow, max-snippet:-1, max-image-preview:large, max-video-preview:-1\" \/>\n<link rel=\"canonical\" href=\"https:\/\/masricardenque.fr\/en\/non-classe\/taille-vignes\/\" \/>\n<meta property=\"og:locale\" content=\"en_GB\" \/>\n<meta property=\"og:type\" content=\"article\" \/>\n<meta property=\"og:title\" content=\"La Taille des Vignes au Mas Ricardenque - Mas Ricardenque\" \/>\n<meta property=\"og:description\" content=\"La taille des vignes est une \u00e9tape cruciale dans l&#039;entretien des vignobles de Callian, dans le magnifique Pays de Fayence. Au Mas Ricardenque, domaine viticole engag\u00e9 dans l&#039;agriculture biologique, cet art pr\u00e9cieux est pratiqu\u00e9 avec passion.\" \/>\n<meta property=\"og:url\" content=\"https:\/\/masricardenque.fr\/en\/non-classe\/taille-vignes\/\" \/>\n<meta property=\"og:site_name\" content=\"Mas Ricardenque\" \/>\n<meta property=\"article:publisher\" content=\"https:\/\/www.facebook.com\/profile.php?id=100054311390282\" \/>\n<meta property=\"article:published_time\" content=\"2025-03-12T14:18:52+00:00\" \/>\n<meta name=\"author\" content=\"lauriane\" \/>\n<meta name=\"twitter:card\" content=\"summary_large_image\" \/>\n<meta name=\"twitter:label1\" content=\"Written by\" \/>\n\t<meta name=\"twitter:data1\" content=\"lauriane\" \/>\n\t<meta name=\"twitter:label2\" content=\"Estimated reading time\" \/>\n\t<meta name=\"twitter:data2\" content=\"2 minutes\" \/>\n<script type=\"application\/ld+json\" class=\"yoast-schema-graph\">{\"@context\":\"https:\\\/\\\/schema.org\",\"@graph\":[{\"@type\":\"Article\",\"@id\":\"https:\\\/\\\/masricardenque.fr\\\/non-classe\\\/taille-vignes\\\/#article\",\"isPartOf\":{\"@id\":\"https:\\\/\\\/masricardenque.fr\\\/non-classe\\\/taille-vignes\\\/\"},\"author\":{\"name\":\"lauriane\",\"@id\":\"https:\\\/\\\/masricardenque.fr\\\/#\\\/schema\\\/person\\\/82e2f251915a25ac1a45a5834233dd06\"},\"headline\":\"La Taille des Vignes au Mas Ricardenque\",\"datePublished\":\"2025-03-12T14:18:52+00:00\",\"mainEntityOfPage\":{\"@id\":\"https:\\\/\\\/masricardenque.fr\\\/non-classe\\\/taille-vignes\\\/\"},\"wordCount\":332,\"publisher\":{\"@id\":\"https:\\\/\\\/masricardenque.fr\\\/#organization\"},\"articleSection\":[\"Non class\u00e9\"],\"inLanguage\":\"en-GB\"},{\"@type\":\"WebPage\",\"@id\":\"https:\\\/\\\/masricardenque.fr\\\/non-classe\\\/taille-vignes\\\/\",\"url\":\"https:\\\/\\\/masricardenque.fr\\\/non-classe\\\/taille-vignes\\\/\",\"name\":\"La Taille des Vignes au Mas Ricardenque - Mas Ricardenque\",\"isPartOf\":{\"@id\":\"https:\\\/\\\/masricardenque.fr\\\/#website\"},\"datePublished\":\"2025-03-12T14:18:52+00:00\",\"description\":\"La taille des vignes est une \u00e9tape cruciale dans l'entretien des vignobles de Callian, dans le magnifique Pays de Fayence. Au Mas Ricardenque, domaine viticole engag\u00e9 dans l'agriculture biologique, cet art pr\u00e9cieux est pratiqu\u00e9 avec passion.\",\"breadcrumb\":{\"@id\":\"https:\\\/\\\/masricardenque.fr\\\/non-classe\\\/taille-vignes\\\/#breadcrumb\"},\"inLanguage\":\"en-GB\",\"potentialAction\":[{\"@type\":\"ReadAction\",\"target\":[\"https:\\\/\\\/masricardenque.fr\\\/non-classe\\\/taille-vignes\\\/\"]}]},{\"@type\":\"BreadcrumbList\",\"@id\":\"https:\\\/\\\/masricardenque.fr\\\/non-classe\\\/taille-vignes\\\/#breadcrumb\",\"itemListElement\":[{\"@type\":\"ListItem\",\"position\":1,\"name\":\"Accueil\",\"item\":\"https:\\\/\\\/masricardenque.fr\\\/\"},{\"@type\":\"ListItem\",\"position\":2,\"name\":\"La Taille des Vignes au Mas Ricardenque\"}]},{\"@type\":\"WebSite\",\"@id\":\"https:\\\/\\\/masricardenque.fr\\\/#website\",\"url\":\"https:\\\/\\\/masricardenque.fr\\\/\",\"name\":\"www.masricardenque.fr\",\"description\":\"Producteur de vins et de roses centifolia biologiques \u00e0 Callian\",\"publisher\":{\"@id\":\"https:\\\/\\\/masricardenque.fr\\\/#organization\"},\"potentialAction\":[{\"@type\":\"SearchAction\",\"target\":{\"@type\":\"EntryPoint\",\"urlTemplate\":\"https:\\\/\\\/masricardenque.fr\\\/?s={search_term_string}\"},\"query-input\":{\"@type\":\"PropertyValueSpecification\",\"valueRequired\":true,\"valueName\":\"search_term_string\"}}],\"inLanguage\":\"en-GB\"},{\"@type\":\"Organization\",\"@id\":\"https:\\\/\\\/masricardenque.fr\\\/#organization\",\"name\":\"www.masricardenque.fr\",\"url\":\"https:\\\/\\\/masricardenque.fr\\\/\",\"logo\":{\"@type\":\"ImageObject\",\"inLanguage\":\"en-GB\",\"@id\":\"https:\\\/\\\/masricardenque.fr\\\/#\\\/schema\\\/logo\\\/image\\\/\",\"url\":\"https:\\\/\\\/masricardenque.fr\\\/wp-content\\\/uploads\\\/2022\\\/06\\\/cropped-Logo-mas-ricardenque-noir.png\",\"contentUrl\":\"https:\\\/\\\/masricardenque.fr\\\/wp-content\\\/uploads\\\/2022\\\/06\\\/cropped-Logo-mas-ricardenque-noir.png\",\"width\":890,\"height\":418,\"caption\":\"www.masricardenque.fr\"},\"image\":{\"@id\":\"https:\\\/\\\/masricardenque.fr\\\/#\\\/schema\\\/logo\\\/image\\\/\"},\"sameAs\":[\"https:\\\/\\\/www.facebook.com\\\/profile.php?id=100054311390282\"]},{\"@type\":\"Person\",\"@id\":\"https:\\\/\\\/masricardenque.fr\\\/#\\\/schema\\\/person\\\/82e2f251915a25ac1a45a5834233dd06\",\"name\":\"lauriane\",\"image\":{\"@type\":\"ImageObject\",\"inLanguage\":\"en-GB\",\"@id\":\"https:\\\/\\\/masricardenque.fr\\\/wp-content\\\/litespeed\\\/avatar\\\/185b197f3eb8206bc6e2ca8d40c071cd.jpg?ver=1777486953\",\"url\":\"https:\\\/\\\/masricardenque.fr\\\/wp-content\\\/litespeed\\\/avatar\\\/185b197f3eb8206bc6e2ca8d40c071cd.jpg?ver=1777486953\",\"contentUrl\":\"https:\\\/\\\/masricardenque.fr\\\/wp-content\\\/litespeed\\\/avatar\\\/185b197f3eb8206bc6e2ca8d40c071cd.jpg?ver=1777486953\",\"caption\":\"lauriane\"},\"url\":\"https:\\\/\\\/masricardenque.fr\\\/en\\\/author\\\/lauriane\\\/\"}]}<\/script>\n<!-- \/ Yoast SEO plugin. -->","yoast_head_json":{"title":"La Taille des Vignes au Mas Ricardenque - Mas Ricardenque","description":"La taille des vignes est une \u00e9tape cruciale dans l'entretien des vignobles de Callian, dans le magnifique Pays de Fayence. Au Mas Ricardenque, domaine viticole engag\u00e9 dans l'agriculture biologique, cet art pr\u00e9cieux est pratiqu\u00e9 avec passion.","robots":{"index":"index","follow":"follow","max-snippet":"max-snippet:-1","max-image-preview":"max-image-preview:large","max-video-preview":"max-video-preview:-1"},"canonical":"https:\/\/masricardenque.fr\/en\/non-classe\/taille-vignes\/","og_locale":"en_GB","og_type":"article","og_title":"La Taille des Vignes au Mas Ricardenque - Mas Ricardenque","og_description":"La taille des vignes est une \u00e9tape cruciale dans l'entretien des vignobles de Callian, dans le magnifique Pays de Fayence. Au Mas Ricardenque, domaine viticole engag\u00e9 dans l'agriculture biologique, cet art pr\u00e9cieux est pratiqu\u00e9 avec passion.","og_url":"https:\/\/masricardenque.fr\/en\/non-classe\/taille-vignes\/","og_site_name":"Mas Ricardenque","article_publisher":"https:\/\/www.facebook.com\/profile.php?id=100054311390282","article_published_time":"2025-03-12T14:18:52+00:00","author":"lauriane","twitter_card":"summary_large_image","twitter_misc":{"Written by":"lauriane","Estimated reading time":"2 minutes"},"schema":{"@context":"https:\/\/schema.org","@graph":[{"@type":"Article","@id":"https:\/\/masricardenque.fr\/non-classe\/taille-vignes\/#article","isPartOf":{"@id":"https:\/\/masricardenque.fr\/non-classe\/taille-vignes\/"},"author":{"name":"lauriane","@id":"https:\/\/masricardenque.fr\/#\/schema\/person\/82e2f251915a25ac1a45a5834233dd06"},"headline":"La Taille des Vignes au Mas Ricardenque","datePublished":"2025-03-12T14:18:52+00:00","mainEntityOfPage":{"@id":"https:\/\/masricardenque.fr\/non-classe\/taille-vignes\/"},"wordCount":332,"publisher":{"@id":"https:\/\/masricardenque.fr\/#organization"},"articleSection":["Non class\u00e9"],"inLanguage":"en-GB"},{"@type":"WebPage","@id":"https:\/\/masricardenque.fr\/non-classe\/taille-vignes\/","url":"https:\/\/masricardenque.fr\/non-classe\/taille-vignes\/","name":"La Taille des Vignes au Mas Ricardenque - Mas Ricardenque","isPartOf":{"@id":"https:\/\/masricardenque.fr\/#website"},"datePublished":"2025-03-12T14:18:52+00:00","description":"La taille des vignes est une \u00e9tape cruciale dans l'entretien des vignobles de Callian, dans le magnifique Pays de Fayence. Au Mas Ricardenque, domaine viticole engag\u00e9 dans l'agriculture biologique, cet art pr\u00e9cieux est pratiqu\u00e9 avec passion.","breadcrumb":{"@id":"https:\/\/masricardenque.fr\/non-classe\/taille-vignes\/#breadcrumb"},"inLanguage":"en-GB","potentialAction":[{"@type":"ReadAction","target":["https:\/\/masricardenque.fr\/non-classe\/taille-vignes\/"]}]},{"@type":"BreadcrumbList","@id":"https:\/\/masricardenque.fr\/non-classe\/taille-vignes\/#breadcrumb","itemListElement":[{"@type":"ListItem","position":1,"name":"Accueil","item":"https:\/\/masricardenque.fr\/"},{"@type":"ListItem","position":2,"name":"La Taille des Vignes au Mas Ricardenque"}]},{"@type":"WebSite","@id":"https:\/\/masricardenque.fr\/#website","url":"https:\/\/masricardenque.fr\/","name":"www.masricardenque.fr","description":"Wine and rosa centifolia organic producer in Callian","publisher":{"@id":"https:\/\/masricardenque.fr\/#organization"},"potentialAction":[{"@type":"SearchAction","target":{"@type":"EntryPoint","urlTemplate":"https:\/\/masricardenque.fr\/?s={search_term_string}"},"query-input":{"@type":"PropertyValueSpecification","valueRequired":true,"valueName":"search_term_string"}}],"inLanguage":"en-GB"},{"@type":"Organization","@id":"https:\/\/masricardenque.fr\/#organization","name":"www.masricardenque.fr","url":"https:\/\/masricardenque.fr\/","logo":{"@type":"ImageObject","inLanguage":"en-GB","@id":"https:\/\/masricardenque.fr\/#\/schema\/logo\/image\/","url":"https:\/\/masricardenque.fr\/wp-content\/uploads\/2022\/06\/cropped-Logo-mas-ricardenque-noir.png","contentUrl":"https:\/\/masricardenque.fr\/wp-content\/uploads\/2022\/06\/cropped-Logo-mas-ricardenque-noir.png","width":890,"height":418,"caption":"www.masricardenque.fr"},"image":{"@id":"https:\/\/masricardenque.fr\/#\/schema\/logo\/image\/"},"sameAs":["https:\/\/www.facebook.com\/profile.php?id=100054311390282"]},{"@type":"Person","@id":"https:\/\/masricardenque.fr\/#\/schema\/person\/82e2f251915a25ac1a45a5834233dd06","name":"lauriane","image":{"@type":"ImageObject","inLanguage":"en-GB","@id":"https:\/\/masricardenque.fr\/wp-content\/litespeed\/avatar\/185b197f3eb8206bc6e2ca8d40c071cd.jpg?ver=1777486953","url":"https:\/\/masricardenque.fr\/wp-content\/litespeed\/avatar\/185b197f3eb8206bc6e2ca8d40c071cd.jpg?ver=1777486953","contentUrl":"https:\/\/masricardenque.fr\/wp-content\/litespeed\/avatar\/185b197f3eb8206bc6e2ca8d40c071cd.jpg?ver=1777486953","caption":"lauriane"},"url":"https:\/\/masricardenque.fr\/en\/author\/lauriane\/"}]}},"_links":{"self":[{"href":"https:\/\/masricardenque.fr\/en\/wp-json\/wp\/v2\/posts\/3395","targetHints":{"allow":["GET"]}}],"collection":[{"href":"https:\/\/masricardenque.fr\/en\/wp-json\/wp\/v2\/posts"}],"about":[{"href":"https:\/\/masricardenque.fr\/en\/wp-json\/wp\/v2\/types\/post"}],"author":[{"embeddable":true,"href":"https:\/\/masricardenque.fr\/en\/wp-json\/wp\/v2\/users\/2"}],"replies":[{"embeddable":true,"href":"https:\/\/masricardenque.fr\/en\/wp-json\/wp\/v2\/comments?post=3395"}],"version-history":[{"count":1,"href":"https:\/\/masricardenque.fr\/en\/wp-json\/wp\/v2\/posts\/3395\/revisions"}],"predecessor-version":[{"id":3396,"href":"https:\/\/masricardenque.fr\/en\/wp-json\/wp\/v2\/posts\/3395\/revisions\/3396"}],"wp:attachment":[{"href":"https:\/\/masricardenque.fr\/en\/wp-json\/wp\/v2\/media?parent=3395"}],"wp:term":[{"taxonomy":"category","embeddable":true,"href":"https:\/\/masricardenque.fr\/en\/wp-json\/wp\/v2\/categories?post=3395"},{"taxonomy":"post_tag","embeddable":true,"href":"https:\/\/masricardenque.fr\/en\/wp-json\/wp\/v2\/tags?post=3395"}],"curies":[{"name":"wp","href":"https:\/\/api.w.org\/{rel}","templated":true}]}}