{"id":3389,"date":"2024-10-23T14:49:14","date_gmt":"2024-10-23T12:49:14","guid":{"rendered":"https:\/\/masricardenque.fr\/?p=3389"},"modified":"2024-06-30T14:58:11","modified_gmt":"2024-06-30T12:58:11","slug":"repos-vegetatif-vignes","status":"publish","type":"post","link":"https:\/\/masricardenque.fr\/en\/non-classe\/repos-vegetatif-vignes\/","title":{"rendered":"Le Repos V\u00e9g\u00e9tatif des Vignes au Mas Ricardenque"},"content":{"rendered":"<h2 class=\"wp-block-heading\">Le repos v\u00e9g\u00e9tatif : Une \u00e9tape essentielle<\/h2>\n\n\n\n<p>Le repos v\u00e9g\u00e9tatif est une \u00e9tape naturelle dans le cycle de vie des vignes. Au <a href=\"https:\/\/masricardenque.fr\/en\/\">Mas Ricardenque<\/a>, cette p\u00e9riode est d&rsquo;une grande importance. Les vignes se retirent de leur activit\u00e9 de croissance pour se r\u00e9g\u00e9n\u00e9rer et accumuler les r\u00e9serves n\u00e9cessaires en vue de la prochaine saison. C&rsquo;est une \u00e9tape cruciale pour une vigne saine et \u00e9panouie.<\/p>\n\n\n\n<h2 class=\"wp-block-heading\">Les bienfaits du repos v\u00e9g\u00e9tatif et l&rsquo;engagement envers l&rsquo;agriculture biologique <\/h2>\n\n\n\n<p>Pendant le repos v\u00e9g\u00e9tatif, les vignes au Mas Ricardenque b\u00e9n\u00e9ficient de nombreux bienfaits. Elles peuvent se reposer, r\u00e9cup\u00e9rer et renforcer leurs racines. Cette p\u00e9riode permet \u00e9galement aux vignes de se pr\u00e9parer pour la future floraison et la production de raisins de qualit\u00e9. C&rsquo;est un temps de r\u00e9g\u00e9n\u00e9ration essentiel pour la sant\u00e9 globale de la vigne. Au Mas Ricardenque, l&rsquo;agriculture biologique est au c\u0153ur de toutes les pratiques viticoles, y compris le repos v\u00e9g\u00e9tatif. Les vignes b\u00e9n\u00e9ficient d&rsquo;un environnement naturel pr\u00e9serv\u00e9, exempt de produits chimiques agressifs. Cela permet aux vignes de se reposer en toute qui\u00e9tude, favorisant ainsi un \u00e9quilibre naturel et une sant\u00e9 optimale.<\/p>\n\n\n\n<h2 class=\"wp-block-heading\">La patience, l&rsquo;observation et l&rsquo;entretien des sols<\/h2>\n\n\n\n<p>Pendant cette p\u00e9riode,  la prochaine saison se pr\u00e9pare. Les t\u00e2ches essentielles telles que la taille des vignes, l&rsquo;\u00e9lagage et l&rsquo;entretien des sols sont r\u00e9alis\u00e9es. Ces actions permettent de stimuler la croissance future et de garantir des conditions optimales pour la sant\u00e9 et le d\u00e9veloppement des raisins. Cette p\u00e9riode offre \u00e9galement l&rsquo;opportunit\u00e9 de planifier les prochaines \u00e9tapes de culture et de prendre des d\u00e9cisions \u00e9clair\u00e9es pour la future r\u00e9colte.<\/p>\n\n\n\n<h2 class=\"wp-block-heading\">Conclusion<\/h2>\n\n\n\n<p>Le repos v\u00e9g\u00e9tatif des vignes au Mas Ricardenque situ\u00e9 en <a href=\"https:\/\/www.paysdefayence.com\/\">Pays de Fayence <\/a>est une \u00e9tape vitale dans le cycle de vie de la vigne. Gr\u00e2ce \u00e0 l&rsquo;engagement envers l&rsquo;agriculture biologique, les vignes b\u00e9n\u00e9ficient d&rsquo;une p\u00e9riode de r\u00e9g\u00e9n\u00e9ration n\u00e9cessaire pour une croissance saine et \u00e9panouie. C&rsquo;est un moment de pr\u00e9paration et d&rsquo;anticipation, garantissant des raisins de qualit\u00e9 exceptionnelle et des vins<\/p>","protected":false},"excerpt":{"rendered":"<p>Le repos v\u00e9g\u00e9tatif : Une \u00e9tape essentielle Le repos v\u00e9g\u00e9tatif est une \u00e9tape naturelle dans le cycle de vie des vignes. Au Mas Ricardenque, cette p\u00e9riode est d&rsquo;une grande importance. Les vignes se retirent de leur activit\u00e9 de croissance pour se r\u00e9g\u00e9n\u00e9rer et accumuler les r\u00e9serves n\u00e9cessaires en vue de la prochaine saison. C&rsquo;est une [&hellip;]<\/p>\n","protected":false},"author":2,"featured_media":0,"comment_status":"closed","ping_status":"closed","sticky":false,"template":"","format":"standard","meta":{"site-sidebar-layout":"default","site-content-layout":"","ast-site-content-layout":"default","site-content-style":"default","site-sidebar-style":"default","ast-global-header-display":"","ast-banner-title-visibility":"","ast-main-header-display":"","ast-hfb-above-header-display":"","ast-hfb-below-header-display":"","ast-hfb-mobile-header-display":"","site-post-title":"","ast-breadcrumbs-content":"","ast-featured-img":"","footer-sml-layout":"","ast-disable-related-posts":"","theme-transparent-header-meta":"","adv-header-id-meta":"","stick-header-meta":"","header-above-stick-meta":"","header-main-stick-meta":"","header-below-stick-meta":"","astra-migrate-meta-layouts":"set","ast-page-background-enabled":"default","ast-page-background-meta":{"desktop":{"background-color":"var(--ast-global-color-4)","background-image":"","background-repeat":"repeat","background-position":"center center","background-size":"auto","background-attachment":"scroll","background-type":"","background-media":"","overlay-type":"","overlay-color":"","overlay-opacity":"","overlay-gradient":""},"tablet":{"background-color":"","background-image":"","background-repeat":"repeat","background-position":"center center","background-size":"auto","background-attachment":"scroll","background-type":"","background-media":"","overlay-type":"","overlay-color":"","overlay-opacity":"","overlay-gradient":""},"mobile":{"background-color":"","background-image":"","background-repeat":"repeat","background-position":"center center","background-size":"auto","background-attachment":"scroll","background-type":"","background-media":"","overlay-type":"","overlay-color":"","overlay-opacity":"","overlay-gradient":""}},"ast-content-background-meta":{"desktop":{"background-color":"var(--ast-global-color-5)","background-image":"","background-repeat":"repeat","background-position":"center center","background-size":"auto","background-attachment":"scroll","background-type":"","background-media":"","overlay-type":"","overlay-color":"","overlay-opacity":"","overlay-gradient":""},"tablet":{"background-color":"var(--ast-global-color-5)","background-image":"","background-repeat":"repeat","background-position":"center center","background-size":"auto","background-attachment":"scroll","background-type":"","background-media":"","overlay-type":"","overlay-color":"","overlay-opacity":"","overlay-gradient":""},"mobile":{"background-color":"var(--ast-global-color-5)","background-image":"","background-repeat":"repeat","background-position":"center center","background-size":"auto","background-attachment":"scroll","background-type":"","background-media":"","overlay-type":"","overlay-color":"","overlay-opacity":"","overlay-gradient":""}},"footnotes":""},"categories":[1],"tags":[],"class_list":["post-3389","post","type-post","status-publish","format-standard","hentry","category-non-classe"],"yoast_head":"<!-- This site is optimized with the Yoast SEO plugin v27.5 - https:\/\/yoast.com\/product\/yoast-seo-wordpress\/ -->\n<title>Le Repos V\u00e9g\u00e9tatif des Vignes au Mas Ricardenque - Mas Ricardenque<\/title>\n<meta name=\"description\" content=\"Le repos v\u00e9g\u00e9tatif des vignes au Mas Ricardenque\" \/>\n<meta name=\"robots\" content=\"index, follow, max-snippet:-1, max-image-preview:large, max-video-preview:-1\" \/>\n<link rel=\"canonical\" href=\"https:\/\/masricardenque.fr\/en\/non-classe\/repos-vegetatif-vignes\/\" \/>\n<meta property=\"og:locale\" content=\"en_GB\" \/>\n<meta property=\"og:type\" content=\"article\" \/>\n<meta property=\"og:title\" content=\"Le Repos V\u00e9g\u00e9tatif des Vignes au Mas Ricardenque - Mas Ricardenque\" \/>\n<meta property=\"og:description\" content=\"Le repos v\u00e9g\u00e9tatif des vignes au Mas Ricardenque\" \/>\n<meta property=\"og:url\" content=\"https:\/\/masricardenque.fr\/en\/non-classe\/repos-vegetatif-vignes\/\" \/>\n<meta property=\"og:site_name\" content=\"Mas Ricardenque\" \/>\n<meta property=\"article:publisher\" content=\"https:\/\/www.facebook.com\/profile.php?id=100054311390282\" \/>\n<meta property=\"article:published_time\" content=\"2024-10-23T12:49:14+00:00\" \/>\n<meta name=\"author\" content=\"lauriane\" \/>\n<meta name=\"twitter:card\" content=\"summary_large_image\" \/>\n<meta name=\"twitter:label1\" content=\"Written by\" \/>\n\t<meta name=\"twitter:data1\" content=\"lauriane\" \/>\n\t<meta name=\"twitter:label2\" content=\"Estimated reading time\" \/>\n\t<meta name=\"twitter:data2\" content=\"2 minutes\" \/>\n<script type=\"application\/ld+json\" class=\"yoast-schema-graph\">{\"@context\":\"https:\\\/\\\/schema.org\",\"@graph\":[{\"@type\":\"Article\",\"@id\":\"https:\\\/\\\/masricardenque.fr\\\/non-classe\\\/repos-vegetatif-vignes\\\/#article\",\"isPartOf\":{\"@id\":\"https:\\\/\\\/masricardenque.fr\\\/non-classe\\\/repos-vegetatif-vignes\\\/\"},\"author\":{\"name\":\"lauriane\",\"@id\":\"https:\\\/\\\/masricardenque.fr\\\/#\\\/schema\\\/person\\\/82e2f251915a25ac1a45a5834233dd06\"},\"headline\":\"Le Repos V\u00e9g\u00e9tatif des Vignes au Mas Ricardenque\",\"datePublished\":\"2024-10-23T12:49:14+00:00\",\"mainEntityOfPage\":{\"@id\":\"https:\\\/\\\/masricardenque.fr\\\/non-classe\\\/repos-vegetatif-vignes\\\/\"},\"wordCount\":390,\"publisher\":{\"@id\":\"https:\\\/\\\/masricardenque.fr\\\/#organization\"},\"articleSection\":[\"Non class\u00e9\"],\"inLanguage\":\"en-GB\"},{\"@type\":\"WebPage\",\"@id\":\"https:\\\/\\\/masricardenque.fr\\\/non-classe\\\/repos-vegetatif-vignes\\\/\",\"url\":\"https:\\\/\\\/masricardenque.fr\\\/non-classe\\\/repos-vegetatif-vignes\\\/\",\"name\":\"Le Repos V\u00e9g\u00e9tatif des Vignes au Mas Ricardenque - Mas Ricardenque\",\"isPartOf\":{\"@id\":\"https:\\\/\\\/masricardenque.fr\\\/#website\"},\"datePublished\":\"2024-10-23T12:49:14+00:00\",\"description\":\"Le repos v\u00e9g\u00e9tatif des vignes au Mas Ricardenque\",\"breadcrumb\":{\"@id\":\"https:\\\/\\\/masricardenque.fr\\\/non-classe\\\/repos-vegetatif-vignes\\\/#breadcrumb\"},\"inLanguage\":\"en-GB\",\"potentialAction\":[{\"@type\":\"ReadAction\",\"target\":[\"https:\\\/\\\/masricardenque.fr\\\/non-classe\\\/repos-vegetatif-vignes\\\/\"]}]},{\"@type\":\"BreadcrumbList\",\"@id\":\"https:\\\/\\\/masricardenque.fr\\\/non-classe\\\/repos-vegetatif-vignes\\\/#breadcrumb\",\"itemListElement\":[{\"@type\":\"ListItem\",\"position\":1,\"name\":\"Accueil\",\"item\":\"https:\\\/\\\/masricardenque.fr\\\/\"},{\"@type\":\"ListItem\",\"position\":2,\"name\":\"Le Repos V\u00e9g\u00e9tatif des Vignes au Mas Ricardenque\"}]},{\"@type\":\"WebSite\",\"@id\":\"https:\\\/\\\/masricardenque.fr\\\/#website\",\"url\":\"https:\\\/\\\/masricardenque.fr\\\/\",\"name\":\"www.masricardenque.fr\",\"description\":\"Producteur de vins et de roses centifolia biologiques \u00e0 Callian\",\"publisher\":{\"@id\":\"https:\\\/\\\/masricardenque.fr\\\/#organization\"},\"potentialAction\":[{\"@type\":\"SearchAction\",\"target\":{\"@type\":\"EntryPoint\",\"urlTemplate\":\"https:\\\/\\\/masricardenque.fr\\\/?s={search_term_string}\"},\"query-input\":{\"@type\":\"PropertyValueSpecification\",\"valueRequired\":true,\"valueName\":\"search_term_string\"}}],\"inLanguage\":\"en-GB\"},{\"@type\":\"Organization\",\"@id\":\"https:\\\/\\\/masricardenque.fr\\\/#organization\",\"name\":\"www.masricardenque.fr\",\"url\":\"https:\\\/\\\/masricardenque.fr\\\/\",\"logo\":{\"@type\":\"ImageObject\",\"inLanguage\":\"en-GB\",\"@id\":\"https:\\\/\\\/masricardenque.fr\\\/#\\\/schema\\\/logo\\\/image\\\/\",\"url\":\"https:\\\/\\\/masricardenque.fr\\\/wp-content\\\/uploads\\\/2022\\\/06\\\/cropped-Logo-mas-ricardenque-noir.png\",\"contentUrl\":\"https:\\\/\\\/masricardenque.fr\\\/wp-content\\\/uploads\\\/2022\\\/06\\\/cropped-Logo-mas-ricardenque-noir.png\",\"width\":890,\"height\":418,\"caption\":\"www.masricardenque.fr\"},\"image\":{\"@id\":\"https:\\\/\\\/masricardenque.fr\\\/#\\\/schema\\\/logo\\\/image\\\/\"},\"sameAs\":[\"https:\\\/\\\/www.facebook.com\\\/profile.php?id=100054311390282\"]},{\"@type\":\"Person\",\"@id\":\"https:\\\/\\\/masricardenque.fr\\\/#\\\/schema\\\/person\\\/82e2f251915a25ac1a45a5834233dd06\",\"name\":\"lauriane\",\"image\":{\"@type\":\"ImageObject\",\"inLanguage\":\"en-GB\",\"@id\":\"https:\\\/\\\/masricardenque.fr\\\/wp-content\\\/litespeed\\\/avatar\\\/185b197f3eb8206bc6e2ca8d40c071cd.jpg?ver=1777486953\",\"url\":\"https:\\\/\\\/masricardenque.fr\\\/wp-content\\\/litespeed\\\/avatar\\\/185b197f3eb8206bc6e2ca8d40c071cd.jpg?ver=1777486953\",\"contentUrl\":\"https:\\\/\\\/masricardenque.fr\\\/wp-content\\\/litespeed\\\/avatar\\\/185b197f3eb8206bc6e2ca8d40c071cd.jpg?ver=1777486953\",\"caption\":\"lauriane\"},\"url\":\"https:\\\/\\\/masricardenque.fr\\\/en\\\/author\\\/lauriane\\\/\"}]}<\/script>\n<!-- \/ Yoast SEO plugin. -->","yoast_head_json":{"title":"Le Repos V\u00e9g\u00e9tatif des Vignes au Mas Ricardenque - Mas Ricardenque","description":"Le repos v\u00e9g\u00e9tatif des vignes au Mas Ricardenque","robots":{"index":"index","follow":"follow","max-snippet":"max-snippet:-1","max-image-preview":"max-image-preview:large","max-video-preview":"max-video-preview:-1"},"canonical":"https:\/\/masricardenque.fr\/en\/non-classe\/repos-vegetatif-vignes\/","og_locale":"en_GB","og_type":"article","og_title":"Le Repos V\u00e9g\u00e9tatif des Vignes au Mas Ricardenque - Mas Ricardenque","og_description":"Le repos v\u00e9g\u00e9tatif des vignes au Mas Ricardenque","og_url":"https:\/\/masricardenque.fr\/en\/non-classe\/repos-vegetatif-vignes\/","og_site_name":"Mas Ricardenque","article_publisher":"https:\/\/www.facebook.com\/profile.php?id=100054311390282","article_published_time":"2024-10-23T12:49:14+00:00","author":"lauriane","twitter_card":"summary_large_image","twitter_misc":{"Written by":"lauriane","Estimated reading time":"2 minutes"},"schema":{"@context":"https:\/\/schema.org","@graph":[{"@type":"Article","@id":"https:\/\/masricardenque.fr\/non-classe\/repos-vegetatif-vignes\/#article","isPartOf":{"@id":"https:\/\/masricardenque.fr\/non-classe\/repos-vegetatif-vignes\/"},"author":{"name":"lauriane","@id":"https:\/\/masricardenque.fr\/#\/schema\/person\/82e2f251915a25ac1a45a5834233dd06"},"headline":"Le Repos V\u00e9g\u00e9tatif des Vignes au Mas Ricardenque","datePublished":"2024-10-23T12:49:14+00:00","mainEntityOfPage":{"@id":"https:\/\/masricardenque.fr\/non-classe\/repos-vegetatif-vignes\/"},"wordCount":390,"publisher":{"@id":"https:\/\/masricardenque.fr\/#organization"},"articleSection":["Non class\u00e9"],"inLanguage":"en-GB"},{"@type":"WebPage","@id":"https:\/\/masricardenque.fr\/non-classe\/repos-vegetatif-vignes\/","url":"https:\/\/masricardenque.fr\/non-classe\/repos-vegetatif-vignes\/","name":"Le Repos V\u00e9g\u00e9tatif des Vignes au Mas Ricardenque - Mas Ricardenque","isPartOf":{"@id":"https:\/\/masricardenque.fr\/#website"},"datePublished":"2024-10-23T12:49:14+00:00","description":"Le repos v\u00e9g\u00e9tatif des vignes au Mas Ricardenque","breadcrumb":{"@id":"https:\/\/masricardenque.fr\/non-classe\/repos-vegetatif-vignes\/#breadcrumb"},"inLanguage":"en-GB","potentialAction":[{"@type":"ReadAction","target":["https:\/\/masricardenque.fr\/non-classe\/repos-vegetatif-vignes\/"]}]},{"@type":"BreadcrumbList","@id":"https:\/\/masricardenque.fr\/non-classe\/repos-vegetatif-vignes\/#breadcrumb","itemListElement":[{"@type":"ListItem","position":1,"name":"Accueil","item":"https:\/\/masricardenque.fr\/"},{"@type":"ListItem","position":2,"name":"Le Repos V\u00e9g\u00e9tatif des Vignes au Mas Ricardenque"}]},{"@type":"WebSite","@id":"https:\/\/masricardenque.fr\/#website","url":"https:\/\/masricardenque.fr\/","name":"www.masricardenque.fr","description":"Wine and rosa centifolia organic producer in Callian","publisher":{"@id":"https:\/\/masricardenque.fr\/#organization"},"potentialAction":[{"@type":"SearchAction","target":{"@type":"EntryPoint","urlTemplate":"https:\/\/masricardenque.fr\/?s={search_term_string}"},"query-input":{"@type":"PropertyValueSpecification","valueRequired":true,"valueName":"search_term_string"}}],"inLanguage":"en-GB"},{"@type":"Organization","@id":"https:\/\/masricardenque.fr\/#organization","name":"www.masricardenque.fr","url":"https:\/\/masricardenque.fr\/","logo":{"@type":"ImageObject","inLanguage":"en-GB","@id":"https:\/\/masricardenque.fr\/#\/schema\/logo\/image\/","url":"https:\/\/masricardenque.fr\/wp-content\/uploads\/2022\/06\/cropped-Logo-mas-ricardenque-noir.png","contentUrl":"https:\/\/masricardenque.fr\/wp-content\/uploads\/2022\/06\/cropped-Logo-mas-ricardenque-noir.png","width":890,"height":418,"caption":"www.masricardenque.fr"},"image":{"@id":"https:\/\/masricardenque.fr\/#\/schema\/logo\/image\/"},"sameAs":["https:\/\/www.facebook.com\/profile.php?id=100054311390282"]},{"@type":"Person","@id":"https:\/\/masricardenque.fr\/#\/schema\/person\/82e2f251915a25ac1a45a5834233dd06","name":"lauriane","image":{"@type":"ImageObject","inLanguage":"en-GB","@id":"https:\/\/masricardenque.fr\/wp-content\/litespeed\/avatar\/185b197f3eb8206bc6e2ca8d40c071cd.jpg?ver=1777486953","url":"https:\/\/masricardenque.fr\/wp-content\/litespeed\/avatar\/185b197f3eb8206bc6e2ca8d40c071cd.jpg?ver=1777486953","contentUrl":"https:\/\/masricardenque.fr\/wp-content\/litespeed\/avatar\/185b197f3eb8206bc6e2ca8d40c071cd.jpg?ver=1777486953","caption":"lauriane"},"url":"https:\/\/masricardenque.fr\/en\/author\/lauriane\/"}]}},"_links":{"self":[{"href":"https:\/\/masricardenque.fr\/en\/wp-json\/wp\/v2\/posts\/3389","targetHints":{"allow":["GET"]}}],"collection":[{"href":"https:\/\/masricardenque.fr\/en\/wp-json\/wp\/v2\/posts"}],"about":[{"href":"https:\/\/masricardenque.fr\/en\/wp-json\/wp\/v2\/types\/post"}],"author":[{"embeddable":true,"href":"https:\/\/masricardenque.fr\/en\/wp-json\/wp\/v2\/users\/2"}],"replies":[{"embeddable":true,"href":"https:\/\/masricardenque.fr\/en\/wp-json\/wp\/v2\/comments?post=3389"}],"version-history":[{"count":1,"href":"https:\/\/masricardenque.fr\/en\/wp-json\/wp\/v2\/posts\/3389\/revisions"}],"predecessor-version":[{"id":3390,"href":"https:\/\/masricardenque.fr\/en\/wp-json\/wp\/v2\/posts\/3389\/revisions\/3390"}],"wp:attachment":[{"href":"https:\/\/masricardenque.fr\/en\/wp-json\/wp\/v2\/media?parent=3389"}],"wp:term":[{"taxonomy":"category","embeddable":true,"href":"https:\/\/masricardenque.fr\/en\/wp-json\/wp\/v2\/categories?post=3389"},{"taxonomy":"post_tag","embeddable":true,"href":"https:\/\/masricardenque.fr\/en\/wp-json\/wp\/v2\/tags?post=3389"}],"curies":[{"name":"wp","href":"https:\/\/api.w.org\/{rel}","templated":true}]}}