{"id":3386,"date":"2024-09-12T14:40:40","date_gmt":"2024-09-12T12:40:40","guid":{"rendered":"https:\/\/masricardenque.fr\/?p=3386"},"modified":"2024-06-30T14:48:06","modified_gmt":"2024-06-30T12:48:06","slug":"vendanges","status":"publish","type":"post","link":"https:\/\/masricardenque.fr\/en\/non-classe\/vendanges\/","title":{"rendered":"Les Vendanges en Famille au Mas Ricardenque"},"content":{"rendered":"<h2 class=\"wp-block-heading\">L&rsquo;esprit familial des vendanges<\/h2>\n\n\n\n<p>Au <a href=\"https:\/\/masricardenque.fr\/en\/\">Mas Ricardenque<\/a>, les vendanges sont une tradition familiale ch\u00e9rie depuis des g\u00e9n\u00e9rations. Parents, enfants et amis se r\u00e9unissent dans les vignes pour cueillir les grappes de raisins avec soin et d\u00e9vouement. C&rsquo;est une occasion de renforcer les liens familiaux et de transmettre l&rsquo;amour de la viticulture aux g\u00e9n\u00e9rations futures.La cueillette des raisins est une t\u00e2che r\u00e9alis\u00e9e avec minutie au Mas Ricardenque. Les vendangeurs s\u00e9lectionnent m\u00e9ticuleusement les grappes m\u00fbres et saines, veillant \u00e0 ne r\u00e9colter que les meilleurs fruits. Le jus des raisins constitue la base des vins fins produits au Mas Ricardenque.<\/p>\n\n\n\n<h2 class=\"wp-block-heading\">L&rsquo;engagement envers l&rsquo;agriculture biologique<\/h2>\n\n\n\n<p>Au Mas Ricardenque, l&rsquo;agriculture biologique est au c\u0153ur des vendanges. Les raisins sont cultiv\u00e9s sans l&rsquo;utilisation de produits chimiques agressifs, ce qui pr\u00e9serve la sant\u00e9 des vignes et la puret\u00e9 du fruit. Cet engagement envers des pratiques durables se refl\u00e8te dans la qualit\u00e9 exceptionnelle des raisins et des jus produits.<\/p>\n\n\n\n<h2 class=\"wp-block-heading\">La vinification, un proc\u00e9d\u00e9 m\u00e9ticuleux<\/h2>\n\n\n\n<p>Apr\u00e8s la r\u00e9colte, les jus de raisin entament leur voyage de vinification. Au Mas Ricardenque, le proc\u00e9d\u00e9 se r\u00e9alise avec rigueur et passion. Les jus sont ferment\u00e9s lentement dans des cuves sp\u00e9ciales, permettant aux ar\u00f4mes et aux caract\u00e9ristiques des raisins de se d\u00e9velopper pleinement, cr\u00e9ant ainsi des vins uniques et expressifs. Les vendanges au Mas Ricardenque aboutissent \u00e0 la cr\u00e9ation de vins d&rsquo;exception. Les jus soigneusement vinifi\u00e9s se transforment en vins fins, avec des profils aromatiques complexes et des saveurs \u00e9quilibr\u00e9es. Chaque bouteille raconte l&rsquo;histoire de la passion, du savoir-faire et de l&rsquo;amour investis dans chaque \u00e9tape du processus de vinification.<\/p>\n\n\n\n<h2 class=\"wp-block-heading\">Conclusion<\/h2>\n\n\n\n<p>Les vendanges au Mas Ricardenque sont bien plus qu&rsquo;une simple r\u00e9colte de raisins. Elles repr\u00e9sentent un h\u00e9ritage familial, une c\u00e9l\u00e9bration de la nature et une d\u00e9votion envers la qualit\u00e9. Gr\u00e2ce \u00e0 l&rsquo;engagement envers l&rsquo;agriculture biologique, les vendanges au Mas Ricardenque donnent naissance \u00e0 des jus et des vins exceptionnels, empreints de l&rsquo;essence m\u00eame du terroir de Callian et du <a href=\"https:\/\/www.paysdefayence.com\/\">Pays de Fayence<\/a>. C&rsquo;est cet amour pour la vigne et le vin qui transpara\u00eet dans chaque goutte d\u00e9licieuse et qui rend l&rsquo;exp\u00e9rience au Mas Ricardenque v\u00e9ritablement inoubliable.<\/p>","protected":false},"excerpt":{"rendered":"<p>L&rsquo;esprit familial des vendanges Au Mas Ricardenque, les vendanges sont une tradition familiale ch\u00e9rie depuis des g\u00e9n\u00e9rations. Parents, enfants et amis se r\u00e9unissent dans les vignes pour cueillir les grappes de raisins avec soin et d\u00e9vouement. C&rsquo;est une occasion de renforcer les liens familiaux et de transmettre l&rsquo;amour de la viticulture aux g\u00e9n\u00e9rations futures.La cueillette [&hellip;]<\/p>\n","protected":false},"author":2,"featured_media":0,"comment_status":"closed","ping_status":"closed","sticky":false,"template":"","format":"standard","meta":{"site-sidebar-layout":"default","site-content-layout":"","ast-site-content-layout":"default","site-content-style":"default","site-sidebar-style":"default","ast-global-header-display":"","ast-banner-title-visibility":"","ast-main-header-display":"","ast-hfb-above-header-display":"","ast-hfb-below-header-display":"","ast-hfb-mobile-header-display":"","site-post-title":"","ast-breadcrumbs-content":"","ast-featured-img":"","footer-sml-layout":"","ast-disable-related-posts":"","theme-transparent-header-meta":"","adv-header-id-meta":"","stick-header-meta":"","header-above-stick-meta":"","header-main-stick-meta":"","header-below-stick-meta":"","astra-migrate-meta-layouts":"set","ast-page-background-enabled":"default","ast-page-background-meta":{"desktop":{"background-color":"var(--ast-global-color-4)","background-image":"","background-repeat":"repeat","background-position":"center center","background-size":"auto","background-attachment":"scroll","background-type":"","background-media":"","overlay-type":"","overlay-color":"","overlay-opacity":"","overlay-gradient":""},"tablet":{"background-color":"","background-image":"","background-repeat":"repeat","background-position":"center center","background-size":"auto","background-attachment":"scroll","background-type":"","background-media":"","overlay-type":"","overlay-color":"","overlay-opacity":"","overlay-gradient":""},"mobile":{"background-color":"","background-image":"","background-repeat":"repeat","background-position":"center center","background-size":"auto","background-attachment":"scroll","background-type":"","background-media":"","overlay-type":"","overlay-color":"","overlay-opacity":"","overlay-gradient":""}},"ast-content-background-meta":{"desktop":{"background-color":"var(--ast-global-color-5)","background-image":"","background-repeat":"repeat","background-position":"center center","background-size":"auto","background-attachment":"scroll","background-type":"","background-media":"","overlay-type":"","overlay-color":"","overlay-opacity":"","overlay-gradient":""},"tablet":{"background-color":"var(--ast-global-color-5)","background-image":"","background-repeat":"repeat","background-position":"center center","background-size":"auto","background-attachment":"scroll","background-type":"","background-media":"","overlay-type":"","overlay-color":"","overlay-opacity":"","overlay-gradient":""},"mobile":{"background-color":"var(--ast-global-color-5)","background-image":"","background-repeat":"repeat","background-position":"center center","background-size":"auto","background-attachment":"scroll","background-type":"","background-media":"","overlay-type":"","overlay-color":"","overlay-opacity":"","overlay-gradient":""}},"footnotes":""},"categories":[1],"tags":[],"class_list":["post-3386","post","type-post","status-publish","format-standard","hentry","category-non-classe"],"yoast_head":"<!-- This site is optimized with the Yoast SEO plugin v27.5 - https:\/\/yoast.com\/product\/yoast-seo-wordpress\/ -->\n<title>Les Vendanges en Famille au Mas Ricardenque - Mas Ricardenque<\/title>\n<meta name=\"description\" content=\"Les vendanges au Mas Ricardenque, situ\u00e9 dans la pittoresque commune de Callian, au c\u0153ur du Pays de Fayence, sont une exp\u00e9rience familiale empreinte de passion et de tradition.\" \/>\n<meta name=\"robots\" content=\"index, follow, max-snippet:-1, max-image-preview:large, max-video-preview:-1\" \/>\n<link rel=\"canonical\" href=\"https:\/\/masricardenque.fr\/en\/non-classe\/vendanges\/\" \/>\n<meta property=\"og:locale\" content=\"en_GB\" \/>\n<meta property=\"og:type\" content=\"article\" \/>\n<meta property=\"og:title\" content=\"Les Vendanges en Famille au Mas Ricardenque - Mas Ricardenque\" \/>\n<meta property=\"og:description\" content=\"Les vendanges au Mas Ricardenque, situ\u00e9 dans la pittoresque commune de Callian, au c\u0153ur du Pays de Fayence, sont une exp\u00e9rience familiale empreinte de passion et de tradition.\" \/>\n<meta property=\"og:url\" content=\"https:\/\/masricardenque.fr\/en\/non-classe\/vendanges\/\" \/>\n<meta property=\"og:site_name\" content=\"Mas Ricardenque\" \/>\n<meta property=\"article:publisher\" content=\"https:\/\/www.facebook.com\/profile.php?id=100054311390282\" \/>\n<meta property=\"article:published_time\" content=\"2024-09-12T12:40:40+00:00\" \/>\n<meta name=\"author\" content=\"lauriane\" \/>\n<meta name=\"twitter:card\" content=\"summary_large_image\" \/>\n<meta name=\"twitter:label1\" content=\"Written by\" \/>\n\t<meta name=\"twitter:data1\" content=\"lauriane\" \/>\n\t<meta name=\"twitter:label2\" content=\"Estimated reading time\" \/>\n\t<meta name=\"twitter:data2\" content=\"2 minutes\" \/>\n<script type=\"application\/ld+json\" class=\"yoast-schema-graph\">{\"@context\":\"https:\\\/\\\/schema.org\",\"@graph\":[{\"@type\":\"Article\",\"@id\":\"https:\\\/\\\/masricardenque.fr\\\/non-classe\\\/vendanges\\\/#article\",\"isPartOf\":{\"@id\":\"https:\\\/\\\/masricardenque.fr\\\/non-classe\\\/vendanges\\\/\"},\"author\":{\"name\":\"lauriane\",\"@id\":\"https:\\\/\\\/masricardenque.fr\\\/#\\\/schema\\\/person\\\/82e2f251915a25ac1a45a5834233dd06\"},\"headline\":\"Les Vendanges en Famille au Mas Ricardenque\",\"datePublished\":\"2024-09-12T12:40:40+00:00\",\"mainEntityOfPage\":{\"@id\":\"https:\\\/\\\/masricardenque.fr\\\/non-classe\\\/vendanges\\\/\"},\"wordCount\":409,\"publisher\":{\"@id\":\"https:\\\/\\\/masricardenque.fr\\\/#organization\"},\"articleSection\":[\"Non class\u00e9\"],\"inLanguage\":\"en-GB\"},{\"@type\":\"WebPage\",\"@id\":\"https:\\\/\\\/masricardenque.fr\\\/non-classe\\\/vendanges\\\/\",\"url\":\"https:\\\/\\\/masricardenque.fr\\\/non-classe\\\/vendanges\\\/\",\"name\":\"Les Vendanges en Famille au Mas Ricardenque - Mas Ricardenque\",\"isPartOf\":{\"@id\":\"https:\\\/\\\/masricardenque.fr\\\/#website\"},\"datePublished\":\"2024-09-12T12:40:40+00:00\",\"description\":\"Les vendanges au Mas Ricardenque, situ\u00e9 dans la pittoresque commune de Callian, au c\u0153ur du Pays de Fayence, sont une exp\u00e9rience familiale empreinte de passion et de tradition.\",\"breadcrumb\":{\"@id\":\"https:\\\/\\\/masricardenque.fr\\\/non-classe\\\/vendanges\\\/#breadcrumb\"},\"inLanguage\":\"en-GB\",\"potentialAction\":[{\"@type\":\"ReadAction\",\"target\":[\"https:\\\/\\\/masricardenque.fr\\\/non-classe\\\/vendanges\\\/\"]}]},{\"@type\":\"BreadcrumbList\",\"@id\":\"https:\\\/\\\/masricardenque.fr\\\/non-classe\\\/vendanges\\\/#breadcrumb\",\"itemListElement\":[{\"@type\":\"ListItem\",\"position\":1,\"name\":\"Accueil\",\"item\":\"https:\\\/\\\/masricardenque.fr\\\/\"},{\"@type\":\"ListItem\",\"position\":2,\"name\":\"Les Vendanges en Famille au Mas Ricardenque\"}]},{\"@type\":\"WebSite\",\"@id\":\"https:\\\/\\\/masricardenque.fr\\\/#website\",\"url\":\"https:\\\/\\\/masricardenque.fr\\\/\",\"name\":\"www.masricardenque.fr\",\"description\":\"Producteur de vins et de roses centifolia biologiques \u00e0 Callian\",\"publisher\":{\"@id\":\"https:\\\/\\\/masricardenque.fr\\\/#organization\"},\"potentialAction\":[{\"@type\":\"SearchAction\",\"target\":{\"@type\":\"EntryPoint\",\"urlTemplate\":\"https:\\\/\\\/masricardenque.fr\\\/?s={search_term_string}\"},\"query-input\":{\"@type\":\"PropertyValueSpecification\",\"valueRequired\":true,\"valueName\":\"search_term_string\"}}],\"inLanguage\":\"en-GB\"},{\"@type\":\"Organization\",\"@id\":\"https:\\\/\\\/masricardenque.fr\\\/#organization\",\"name\":\"www.masricardenque.fr\",\"url\":\"https:\\\/\\\/masricardenque.fr\\\/\",\"logo\":{\"@type\":\"ImageObject\",\"inLanguage\":\"en-GB\",\"@id\":\"https:\\\/\\\/masricardenque.fr\\\/#\\\/schema\\\/logo\\\/image\\\/\",\"url\":\"https:\\\/\\\/masricardenque.fr\\\/wp-content\\\/uploads\\\/2022\\\/06\\\/cropped-Logo-mas-ricardenque-noir.png\",\"contentUrl\":\"https:\\\/\\\/masricardenque.fr\\\/wp-content\\\/uploads\\\/2022\\\/06\\\/cropped-Logo-mas-ricardenque-noir.png\",\"width\":890,\"height\":418,\"caption\":\"www.masricardenque.fr\"},\"image\":{\"@id\":\"https:\\\/\\\/masricardenque.fr\\\/#\\\/schema\\\/logo\\\/image\\\/\"},\"sameAs\":[\"https:\\\/\\\/www.facebook.com\\\/profile.php?id=100054311390282\"]},{\"@type\":\"Person\",\"@id\":\"https:\\\/\\\/masricardenque.fr\\\/#\\\/schema\\\/person\\\/82e2f251915a25ac1a45a5834233dd06\",\"name\":\"lauriane\",\"image\":{\"@type\":\"ImageObject\",\"inLanguage\":\"en-GB\",\"@id\":\"https:\\\/\\\/masricardenque.fr\\\/wp-content\\\/litespeed\\\/avatar\\\/185b197f3eb8206bc6e2ca8d40c071cd.jpg?ver=1777486953\",\"url\":\"https:\\\/\\\/masricardenque.fr\\\/wp-content\\\/litespeed\\\/avatar\\\/185b197f3eb8206bc6e2ca8d40c071cd.jpg?ver=1777486953\",\"contentUrl\":\"https:\\\/\\\/masricardenque.fr\\\/wp-content\\\/litespeed\\\/avatar\\\/185b197f3eb8206bc6e2ca8d40c071cd.jpg?ver=1777486953\",\"caption\":\"lauriane\"},\"url\":\"https:\\\/\\\/masricardenque.fr\\\/en\\\/author\\\/lauriane\\\/\"}]}<\/script>\n<!-- \/ Yoast SEO plugin. -->","yoast_head_json":{"title":"Les Vendanges en Famille au Mas Ricardenque - Mas Ricardenque","description":"Les vendanges au Mas Ricardenque, situ\u00e9 dans la pittoresque commune de Callian, au c\u0153ur du Pays de Fayence, sont une exp\u00e9rience familiale empreinte de passion et de tradition.","robots":{"index":"index","follow":"follow","max-snippet":"max-snippet:-1","max-image-preview":"max-image-preview:large","max-video-preview":"max-video-preview:-1"},"canonical":"https:\/\/masricardenque.fr\/en\/non-classe\/vendanges\/","og_locale":"en_GB","og_type":"article","og_title":"Les Vendanges en Famille au Mas Ricardenque - Mas Ricardenque","og_description":"Les vendanges au Mas Ricardenque, situ\u00e9 dans la pittoresque commune de Callian, au c\u0153ur du Pays de Fayence, sont une exp\u00e9rience familiale empreinte de passion et de tradition.","og_url":"https:\/\/masricardenque.fr\/en\/non-classe\/vendanges\/","og_site_name":"Mas Ricardenque","article_publisher":"https:\/\/www.facebook.com\/profile.php?id=100054311390282","article_published_time":"2024-09-12T12:40:40+00:00","author":"lauriane","twitter_card":"summary_large_image","twitter_misc":{"Written by":"lauriane","Estimated reading time":"2 minutes"},"schema":{"@context":"https:\/\/schema.org","@graph":[{"@type":"Article","@id":"https:\/\/masricardenque.fr\/non-classe\/vendanges\/#article","isPartOf":{"@id":"https:\/\/masricardenque.fr\/non-classe\/vendanges\/"},"author":{"name":"lauriane","@id":"https:\/\/masricardenque.fr\/#\/schema\/person\/82e2f251915a25ac1a45a5834233dd06"},"headline":"Les Vendanges en Famille au Mas Ricardenque","datePublished":"2024-09-12T12:40:40+00:00","mainEntityOfPage":{"@id":"https:\/\/masricardenque.fr\/non-classe\/vendanges\/"},"wordCount":409,"publisher":{"@id":"https:\/\/masricardenque.fr\/#organization"},"articleSection":["Non class\u00e9"],"inLanguage":"en-GB"},{"@type":"WebPage","@id":"https:\/\/masricardenque.fr\/non-classe\/vendanges\/","url":"https:\/\/masricardenque.fr\/non-classe\/vendanges\/","name":"Les Vendanges en Famille au Mas Ricardenque - Mas Ricardenque","isPartOf":{"@id":"https:\/\/masricardenque.fr\/#website"},"datePublished":"2024-09-12T12:40:40+00:00","description":"Les vendanges au Mas Ricardenque, situ\u00e9 dans la pittoresque commune de Callian, au c\u0153ur du Pays de Fayence, sont une exp\u00e9rience familiale empreinte de passion et de tradition.","breadcrumb":{"@id":"https:\/\/masricardenque.fr\/non-classe\/vendanges\/#breadcrumb"},"inLanguage":"en-GB","potentialAction":[{"@type":"ReadAction","target":["https:\/\/masricardenque.fr\/non-classe\/vendanges\/"]}]},{"@type":"BreadcrumbList","@id":"https:\/\/masricardenque.fr\/non-classe\/vendanges\/#breadcrumb","itemListElement":[{"@type":"ListItem","position":1,"name":"Accueil","item":"https:\/\/masricardenque.fr\/"},{"@type":"ListItem","position":2,"name":"Les Vendanges en Famille au Mas Ricardenque"}]},{"@type":"WebSite","@id":"https:\/\/masricardenque.fr\/#website","url":"https:\/\/masricardenque.fr\/","name":"www.masricardenque.fr","description":"Wine and rosa centifolia organic producer in Callian","publisher":{"@id":"https:\/\/masricardenque.fr\/#organization"},"potentialAction":[{"@type":"SearchAction","target":{"@type":"EntryPoint","urlTemplate":"https:\/\/masricardenque.fr\/?s={search_term_string}"},"query-input":{"@type":"PropertyValueSpecification","valueRequired":true,"valueName":"search_term_string"}}],"inLanguage":"en-GB"},{"@type":"Organization","@id":"https:\/\/masricardenque.fr\/#organization","name":"www.masricardenque.fr","url":"https:\/\/masricardenque.fr\/","logo":{"@type":"ImageObject","inLanguage":"en-GB","@id":"https:\/\/masricardenque.fr\/#\/schema\/logo\/image\/","url":"https:\/\/masricardenque.fr\/wp-content\/uploads\/2022\/06\/cropped-Logo-mas-ricardenque-noir.png","contentUrl":"https:\/\/masricardenque.fr\/wp-content\/uploads\/2022\/06\/cropped-Logo-mas-ricardenque-noir.png","width":890,"height":418,"caption":"www.masricardenque.fr"},"image":{"@id":"https:\/\/masricardenque.fr\/#\/schema\/logo\/image\/"},"sameAs":["https:\/\/www.facebook.com\/profile.php?id=100054311390282"]},{"@type":"Person","@id":"https:\/\/masricardenque.fr\/#\/schema\/person\/82e2f251915a25ac1a45a5834233dd06","name":"lauriane","image":{"@type":"ImageObject","inLanguage":"en-GB","@id":"https:\/\/masricardenque.fr\/wp-content\/litespeed\/avatar\/185b197f3eb8206bc6e2ca8d40c071cd.jpg?ver=1777486953","url":"https:\/\/masricardenque.fr\/wp-content\/litespeed\/avatar\/185b197f3eb8206bc6e2ca8d40c071cd.jpg?ver=1777486953","contentUrl":"https:\/\/masricardenque.fr\/wp-content\/litespeed\/avatar\/185b197f3eb8206bc6e2ca8d40c071cd.jpg?ver=1777486953","caption":"lauriane"},"url":"https:\/\/masricardenque.fr\/en\/author\/lauriane\/"}]}},"_links":{"self":[{"href":"https:\/\/masricardenque.fr\/en\/wp-json\/wp\/v2\/posts\/3386","targetHints":{"allow":["GET"]}}],"collection":[{"href":"https:\/\/masricardenque.fr\/en\/wp-json\/wp\/v2\/posts"}],"about":[{"href":"https:\/\/masricardenque.fr\/en\/wp-json\/wp\/v2\/types\/post"}],"author":[{"embeddable":true,"href":"https:\/\/masricardenque.fr\/en\/wp-json\/wp\/v2\/users\/2"}],"replies":[{"embeddable":true,"href":"https:\/\/masricardenque.fr\/en\/wp-json\/wp\/v2\/comments?post=3386"}],"version-history":[{"count":2,"href":"https:\/\/masricardenque.fr\/en\/wp-json\/wp\/v2\/posts\/3386\/revisions"}],"predecessor-version":[{"id":3388,"href":"https:\/\/masricardenque.fr\/en\/wp-json\/wp\/v2\/posts\/3386\/revisions\/3388"}],"wp:attachment":[{"href":"https:\/\/masricardenque.fr\/en\/wp-json\/wp\/v2\/media?parent=3386"}],"wp:term":[{"taxonomy":"category","embeddable":true,"href":"https:\/\/masricardenque.fr\/en\/wp-json\/wp\/v2\/categories?post=3386"},{"taxonomy":"post_tag","embeddable":true,"href":"https:\/\/masricardenque.fr\/en\/wp-json\/wp\/v2\/tags?post=3386"}],"curies":[{"name":"wp","href":"https:\/\/api.w.org\/{rel}","templated":true}]}}