{"id":3383,"date":"2024-07-24T14:34:49","date_gmt":"2024-07-24T12:34:49","guid":{"rendered":"https:\/\/masricardenque.fr\/?p=3383"},"modified":"2024-06-30T14:39:56","modified_gmt":"2024-06-30T12:39:56","slug":"maturation-des-raisins","status":"publish","type":"post","link":"https:\/\/masricardenque.fr\/en\/non-classe\/maturation-des-raisins\/","title":{"rendered":"La Maturation des Raisins au Mas Ricardenque : Quand l&rsquo;Art de la Vigne R\u00e9v\u00e8le des Jus d&rsquo;Exception"},"content":{"rendered":"<h2 class=\"wp-block-heading\">La maturation, \u00e9tape cruciale<\/h2>\n\n\n\n<p>La maturation des raisins est une \u00e9tape cruciale dans l&rsquo;\u00e9laboration de jus de raisin d&rsquo;exception. Les raisins doivent atteindre leur plein potentiel de saveur, de sucre et d&rsquo;ar\u00f4me pour donner naissance \u00e0 des jus de qualit\u00e9 sup\u00e9rieure.<\/p>\n\n\n\n<h2 class=\"wp-block-heading\">Le processus de maturation<\/h2>\n\n\n\n<p>Au Mas Ricardenque, les raisins sont laiss\u00e9s sur la vigne jusqu&rsquo;\u00e0 ce qu&rsquo;ils atteignent leur maturit\u00e9 optimale.  C&rsquo;est \u00e0 ce stade que les raisins d\u00e9veloppent leur concentration en sucre, en acide et en compos\u00e9s aromatiques.<\/p>\n\n\n\n<h2 class=\"wp-block-heading\">L&rsquo;impact de l&rsquo;agriculture biologique <\/h2>\n\n\n\n<p>Gr\u00e2ce \u00e0 l&rsquo;engagement en faveur de l&rsquo;agriculture biologique, le <a href=\"https:\/\/masricardenque.fr\/en\/\">Mas Ricardenque <\/a>favorise un environnement naturel pour la maturation des raisins. L&rsquo;absence de produits chimiques agressifs permet aux raisins de m\u00fbrir dans des conditions saines et \u00e9quilibr\u00e9es, pr\u00e9servant ainsi leur puret\u00e9 et leur authenticit\u00e9.<\/p>\n\n\n\n<h2 class=\"wp-block-heading\">Des jus d&rsquo;exception<\/h2>\n\n\n\n<p>Les raisins r\u00e9colt\u00e9s au Mas Ricardenque, \u00e0 leur maturit\u00e9 parfaite, donnent naissance \u00e0 des jus d&rsquo;exception. La concentration en sucre naturel, les ar\u00f4mes complexes et les saveurs \u00e9quilibr\u00e9es se retrouvent dans chaque goutte de jus press\u00e9. Ces jus serviront ensuite de base pour la cr\u00e9ation de vins de qualit\u00e9 sup\u00e9rieure.<\/p>\n\n\n\n<p>Au Mas Ricardenque, la maturation des raisins est une \u00e9tape primordiale pour produire des jus de raisin de qualit\u00e9 exceptionnelle. Le Mas Ricardenque met tout en \u0153uvre pour que chaque raisin atteigne son plein potentiel, offrant ainsi des jus riches en saveurs, en ar\u00f4mes et en caract\u00e8re. C&rsquo;est cette recherche constante de qualit\u00e9 qui fait du Mas Ricardenque un v\u00e9ritable joyau viticole dans la r\u00e9gion de Callian et du <a href=\"https:\/\/www.paysdefayence.com\/\">Pays de Fayence.<\/a><\/p>","protected":false},"excerpt":{"rendered":"<p>La maturation, \u00e9tape cruciale La maturation des raisins est une \u00e9tape cruciale dans l&rsquo;\u00e9laboration de jus de raisin d&rsquo;exception. Les raisins doivent atteindre leur plein potentiel de saveur, de sucre et d&rsquo;ar\u00f4me pour donner naissance \u00e0 des jus de qualit\u00e9 sup\u00e9rieure. Le processus de maturation Au Mas Ricardenque, les raisins sont laiss\u00e9s sur la vigne [&hellip;]<\/p>\n","protected":false},"author":2,"featured_media":0,"comment_status":"closed","ping_status":"closed","sticky":false,"template":"","format":"standard","meta":{"site-sidebar-layout":"default","site-content-layout":"","ast-site-content-layout":"default","site-content-style":"default","site-sidebar-style":"default","ast-global-header-display":"","ast-banner-title-visibility":"","ast-main-header-display":"","ast-hfb-above-header-display":"","ast-hfb-below-header-display":"","ast-hfb-mobile-header-display":"","site-post-title":"","ast-breadcrumbs-content":"","ast-featured-img":"","footer-sml-layout":"","ast-disable-related-posts":"","theme-transparent-header-meta":"","adv-header-id-meta":"","stick-header-meta":"","header-above-stick-meta":"","header-main-stick-meta":"","header-below-stick-meta":"","astra-migrate-meta-layouts":"set","ast-page-background-enabled":"default","ast-page-background-meta":{"desktop":{"background-color":"var(--ast-global-color-4)","background-image":"","background-repeat":"repeat","background-position":"center center","background-size":"auto","background-attachment":"scroll","background-type":"","background-media":"","overlay-type":"","overlay-color":"","overlay-opacity":"","overlay-gradient":""},"tablet":{"background-color":"","background-image":"","background-repeat":"repeat","background-position":"center center","background-size":"auto","background-attachment":"scroll","background-type":"","background-media":"","overlay-type":"","overlay-color":"","overlay-opacity":"","overlay-gradient":""},"mobile":{"background-color":"","background-image":"","background-repeat":"repeat","background-position":"center center","background-size":"auto","background-attachment":"scroll","background-type":"","background-media":"","overlay-type":"","overlay-color":"","overlay-opacity":"","overlay-gradient":""}},"ast-content-background-meta":{"desktop":{"background-color":"var(--ast-global-color-5)","background-image":"","background-repeat":"repeat","background-position":"center center","background-size":"auto","background-attachment":"scroll","background-type":"","background-media":"","overlay-type":"","overlay-color":"","overlay-opacity":"","overlay-gradient":""},"tablet":{"background-color":"var(--ast-global-color-5)","background-image":"","background-repeat":"repeat","background-position":"center center","background-size":"auto","background-attachment":"scroll","background-type":"","background-media":"","overlay-type":"","overlay-color":"","overlay-opacity":"","overlay-gradient":""},"mobile":{"background-color":"var(--ast-global-color-5)","background-image":"","background-repeat":"repeat","background-position":"center center","background-size":"auto","background-attachment":"scroll","background-type":"","background-media":"","overlay-type":"","overlay-color":"","overlay-opacity":"","overlay-gradient":""}},"footnotes":""},"categories":[1],"tags":[],"class_list":["post-3383","post","type-post","status-publish","format-standard","hentry","category-non-classe"],"yoast_head":"<!-- This site is optimized with the Yoast SEO plugin v27.5 - https:\/\/yoast.com\/product\/yoast-seo-wordpress\/ -->\n<title>La Maturation des Raisins au Mas Ricardenque : Quand l&#039;Art de la Vigne R\u00e9v\u00e8le des Jus d&#039;Exception - Mas Ricardenque<\/title>\n<meta name=\"description\" content=\"La maturation des raisins est un processus cl\u00e9 au Mas Ricardenque, un domaine viticole situ\u00e9 dans la charmante commune de Callian, au c\u0153ur du Pays de Fayence. Dans cet article, nous explorerons en d\u00e9tail l&#039;importance de la maturation des raisins dans la production de jus de qualit\u00e9 exceptionnelle, dans le respect de l&#039;agriculture biologique.\" \/>\n<meta name=\"robots\" content=\"index, follow, max-snippet:-1, max-image-preview:large, max-video-preview:-1\" \/>\n<link rel=\"canonical\" href=\"https:\/\/masricardenque.fr\/en\/non-classe\/maturation-des-raisins\/\" \/>\n<meta property=\"og:locale\" content=\"en_GB\" \/>\n<meta property=\"og:type\" content=\"article\" \/>\n<meta property=\"og:title\" content=\"La Maturation des Raisins au Mas Ricardenque : Quand l&#039;Art de la Vigne R\u00e9v\u00e8le des Jus d&#039;Exception - Mas Ricardenque\" \/>\n<meta property=\"og:description\" content=\"La maturation des raisins est un processus cl\u00e9 au Mas Ricardenque, un domaine viticole situ\u00e9 dans la charmante commune de Callian, au c\u0153ur du Pays de Fayence. Dans cet article, nous explorerons en d\u00e9tail l&#039;importance de la maturation des raisins dans la production de jus de qualit\u00e9 exceptionnelle, dans le respect de l&#039;agriculture biologique.\" \/>\n<meta property=\"og:url\" content=\"https:\/\/masricardenque.fr\/en\/non-classe\/maturation-des-raisins\/\" \/>\n<meta property=\"og:site_name\" content=\"Mas Ricardenque\" \/>\n<meta property=\"article:publisher\" content=\"https:\/\/www.facebook.com\/profile.php?id=100054311390282\" \/>\n<meta property=\"article:published_time\" content=\"2024-07-24T12:34:49+00:00\" \/>\n<meta name=\"author\" content=\"lauriane\" \/>\n<meta name=\"twitter:card\" content=\"summary_large_image\" \/>\n<meta name=\"twitter:label1\" content=\"Written by\" \/>\n\t<meta name=\"twitter:data1\" content=\"lauriane\" \/>\n\t<meta name=\"twitter:label2\" content=\"Estimated reading time\" \/>\n\t<meta name=\"twitter:data2\" content=\"2 minutes\" \/>\n<script type=\"application\/ld+json\" class=\"yoast-schema-graph\">{\"@context\":\"https:\\\/\\\/schema.org\",\"@graph\":[{\"@type\":\"Article\",\"@id\":\"https:\\\/\\\/masricardenque.fr\\\/non-classe\\\/maturation-des-raisins\\\/#article\",\"isPartOf\":{\"@id\":\"https:\\\/\\\/masricardenque.fr\\\/non-classe\\\/maturation-des-raisins\\\/\"},\"author\":{\"name\":\"lauriane\",\"@id\":\"https:\\\/\\\/masricardenque.fr\\\/#\\\/schema\\\/person\\\/82e2f251915a25ac1a45a5834233dd06\"},\"headline\":\"La Maturation des Raisins au Mas Ricardenque : Quand l&rsquo;Art de la Vigne R\u00e9v\u00e8le des Jus d&rsquo;Exception\",\"datePublished\":\"2024-07-24T12:34:49+00:00\",\"mainEntityOfPage\":{\"@id\":\"https:\\\/\\\/masricardenque.fr\\\/non-classe\\\/maturation-des-raisins\\\/\"},\"wordCount\":299,\"publisher\":{\"@id\":\"https:\\\/\\\/masricardenque.fr\\\/#organization\"},\"articleSection\":[\"Non class\u00e9\"],\"inLanguage\":\"en-GB\"},{\"@type\":\"WebPage\",\"@id\":\"https:\\\/\\\/masricardenque.fr\\\/non-classe\\\/maturation-des-raisins\\\/\",\"url\":\"https:\\\/\\\/masricardenque.fr\\\/non-classe\\\/maturation-des-raisins\\\/\",\"name\":\"La Maturation des Raisins au Mas Ricardenque : Quand l'Art de la Vigne R\u00e9v\u00e8le des Jus d'Exception - Mas Ricardenque\",\"isPartOf\":{\"@id\":\"https:\\\/\\\/masricardenque.fr\\\/#website\"},\"datePublished\":\"2024-07-24T12:34:49+00:00\",\"description\":\"La maturation des raisins est un processus cl\u00e9 au Mas Ricardenque, un domaine viticole situ\u00e9 dans la charmante commune de Callian, au c\u0153ur du Pays de Fayence. Dans cet article, nous explorerons en d\u00e9tail l'importance de la maturation des raisins dans la production de jus de qualit\u00e9 exceptionnelle, dans le respect de l'agriculture biologique.\",\"breadcrumb\":{\"@id\":\"https:\\\/\\\/masricardenque.fr\\\/non-classe\\\/maturation-des-raisins\\\/#breadcrumb\"},\"inLanguage\":\"en-GB\",\"potentialAction\":[{\"@type\":\"ReadAction\",\"target\":[\"https:\\\/\\\/masricardenque.fr\\\/non-classe\\\/maturation-des-raisins\\\/\"]}]},{\"@type\":\"BreadcrumbList\",\"@id\":\"https:\\\/\\\/masricardenque.fr\\\/non-classe\\\/maturation-des-raisins\\\/#breadcrumb\",\"itemListElement\":[{\"@type\":\"ListItem\",\"position\":1,\"name\":\"Accueil\",\"item\":\"https:\\\/\\\/masricardenque.fr\\\/\"},{\"@type\":\"ListItem\",\"position\":2,\"name\":\"La Maturation des Raisins au Mas Ricardenque : Quand l&#8217;Art de la Vigne R\u00e9v\u00e8le des Jus d&#8217;Exception\"}]},{\"@type\":\"WebSite\",\"@id\":\"https:\\\/\\\/masricardenque.fr\\\/#website\",\"url\":\"https:\\\/\\\/masricardenque.fr\\\/\",\"name\":\"www.masricardenque.fr\",\"description\":\"Producteur de vins et de roses centifolia biologiques \u00e0 Callian\",\"publisher\":{\"@id\":\"https:\\\/\\\/masricardenque.fr\\\/#organization\"},\"potentialAction\":[{\"@type\":\"SearchAction\",\"target\":{\"@type\":\"EntryPoint\",\"urlTemplate\":\"https:\\\/\\\/masricardenque.fr\\\/?s={search_term_string}\"},\"query-input\":{\"@type\":\"PropertyValueSpecification\",\"valueRequired\":true,\"valueName\":\"search_term_string\"}}],\"inLanguage\":\"en-GB\"},{\"@type\":\"Organization\",\"@id\":\"https:\\\/\\\/masricardenque.fr\\\/#organization\",\"name\":\"www.masricardenque.fr\",\"url\":\"https:\\\/\\\/masricardenque.fr\\\/\",\"logo\":{\"@type\":\"ImageObject\",\"inLanguage\":\"en-GB\",\"@id\":\"https:\\\/\\\/masricardenque.fr\\\/#\\\/schema\\\/logo\\\/image\\\/\",\"url\":\"https:\\\/\\\/masricardenque.fr\\\/wp-content\\\/uploads\\\/2022\\\/06\\\/cropped-Logo-mas-ricardenque-noir.png\",\"contentUrl\":\"https:\\\/\\\/masricardenque.fr\\\/wp-content\\\/uploads\\\/2022\\\/06\\\/cropped-Logo-mas-ricardenque-noir.png\",\"width\":890,\"height\":418,\"caption\":\"www.masricardenque.fr\"},\"image\":{\"@id\":\"https:\\\/\\\/masricardenque.fr\\\/#\\\/schema\\\/logo\\\/image\\\/\"},\"sameAs\":[\"https:\\\/\\\/www.facebook.com\\\/profile.php?id=100054311390282\"]},{\"@type\":\"Person\",\"@id\":\"https:\\\/\\\/masricardenque.fr\\\/#\\\/schema\\\/person\\\/82e2f251915a25ac1a45a5834233dd06\",\"name\":\"lauriane\",\"image\":{\"@type\":\"ImageObject\",\"inLanguage\":\"en-GB\",\"@id\":\"https:\\\/\\\/masricardenque.fr\\\/wp-content\\\/litespeed\\\/avatar\\\/185b197f3eb8206bc6e2ca8d40c071cd.jpg?ver=1777486953\",\"url\":\"https:\\\/\\\/masricardenque.fr\\\/wp-content\\\/litespeed\\\/avatar\\\/185b197f3eb8206bc6e2ca8d40c071cd.jpg?ver=1777486953\",\"contentUrl\":\"https:\\\/\\\/masricardenque.fr\\\/wp-content\\\/litespeed\\\/avatar\\\/185b197f3eb8206bc6e2ca8d40c071cd.jpg?ver=1777486953\",\"caption\":\"lauriane\"},\"url\":\"https:\\\/\\\/masricardenque.fr\\\/en\\\/author\\\/lauriane\\\/\"}]}<\/script>\n<!-- \/ Yoast SEO plugin. -->","yoast_head_json":{"title":"La Maturation des Raisins au Mas Ricardenque : Quand l'Art de la Vigne R\u00e9v\u00e8le des Jus d'Exception - Mas Ricardenque","description":"La maturation des raisins est un processus cl\u00e9 au Mas Ricardenque, un domaine viticole situ\u00e9 dans la charmante commune de Callian, au c\u0153ur du Pays de Fayence. Dans cet article, nous explorerons en d\u00e9tail l'importance de la maturation des raisins dans la production de jus de qualit\u00e9 exceptionnelle, dans le respect de l'agriculture biologique.","robots":{"index":"index","follow":"follow","max-snippet":"max-snippet:-1","max-image-preview":"max-image-preview:large","max-video-preview":"max-video-preview:-1"},"canonical":"https:\/\/masricardenque.fr\/en\/non-classe\/maturation-des-raisins\/","og_locale":"en_GB","og_type":"article","og_title":"La Maturation des Raisins au Mas Ricardenque : Quand l'Art de la Vigne R\u00e9v\u00e8le des Jus d'Exception - Mas Ricardenque","og_description":"La maturation des raisins est un processus cl\u00e9 au Mas Ricardenque, un domaine viticole situ\u00e9 dans la charmante commune de Callian, au c\u0153ur du Pays de Fayence. Dans cet article, nous explorerons en d\u00e9tail l'importance de la maturation des raisins dans la production de jus de qualit\u00e9 exceptionnelle, dans le respect de l'agriculture biologique.","og_url":"https:\/\/masricardenque.fr\/en\/non-classe\/maturation-des-raisins\/","og_site_name":"Mas Ricardenque","article_publisher":"https:\/\/www.facebook.com\/profile.php?id=100054311390282","article_published_time":"2024-07-24T12:34:49+00:00","author":"lauriane","twitter_card":"summary_large_image","twitter_misc":{"Written by":"lauriane","Estimated reading time":"2 minutes"},"schema":{"@context":"https:\/\/schema.org","@graph":[{"@type":"Article","@id":"https:\/\/masricardenque.fr\/non-classe\/maturation-des-raisins\/#article","isPartOf":{"@id":"https:\/\/masricardenque.fr\/non-classe\/maturation-des-raisins\/"},"author":{"name":"lauriane","@id":"https:\/\/masricardenque.fr\/#\/schema\/person\/82e2f251915a25ac1a45a5834233dd06"},"headline":"La Maturation des Raisins au Mas Ricardenque : Quand l&rsquo;Art de la Vigne R\u00e9v\u00e8le des Jus d&rsquo;Exception","datePublished":"2024-07-24T12:34:49+00:00","mainEntityOfPage":{"@id":"https:\/\/masricardenque.fr\/non-classe\/maturation-des-raisins\/"},"wordCount":299,"publisher":{"@id":"https:\/\/masricardenque.fr\/#organization"},"articleSection":["Non class\u00e9"],"inLanguage":"en-GB"},{"@type":"WebPage","@id":"https:\/\/masricardenque.fr\/non-classe\/maturation-des-raisins\/","url":"https:\/\/masricardenque.fr\/non-classe\/maturation-des-raisins\/","name":"La Maturation des Raisins au Mas Ricardenque : Quand l'Art de la Vigne R\u00e9v\u00e8le des Jus d'Exception - Mas Ricardenque","isPartOf":{"@id":"https:\/\/masricardenque.fr\/#website"},"datePublished":"2024-07-24T12:34:49+00:00","description":"La maturation des raisins est un processus cl\u00e9 au Mas Ricardenque, un domaine viticole situ\u00e9 dans la charmante commune de Callian, au c\u0153ur du Pays de Fayence. Dans cet article, nous explorerons en d\u00e9tail l'importance de la maturation des raisins dans la production de jus de qualit\u00e9 exceptionnelle, dans le respect de l'agriculture biologique.","breadcrumb":{"@id":"https:\/\/masricardenque.fr\/non-classe\/maturation-des-raisins\/#breadcrumb"},"inLanguage":"en-GB","potentialAction":[{"@type":"ReadAction","target":["https:\/\/masricardenque.fr\/non-classe\/maturation-des-raisins\/"]}]},{"@type":"BreadcrumbList","@id":"https:\/\/masricardenque.fr\/non-classe\/maturation-des-raisins\/#breadcrumb","itemListElement":[{"@type":"ListItem","position":1,"name":"Accueil","item":"https:\/\/masricardenque.fr\/"},{"@type":"ListItem","position":2,"name":"La Maturation des Raisins au Mas Ricardenque : Quand l&#8217;Art de la Vigne R\u00e9v\u00e8le des Jus d&#8217;Exception"}]},{"@type":"WebSite","@id":"https:\/\/masricardenque.fr\/#website","url":"https:\/\/masricardenque.fr\/","name":"www.masricardenque.fr","description":"Wine and rosa centifolia organic producer in Callian","publisher":{"@id":"https:\/\/masricardenque.fr\/#organization"},"potentialAction":[{"@type":"SearchAction","target":{"@type":"EntryPoint","urlTemplate":"https:\/\/masricardenque.fr\/?s={search_term_string}"},"query-input":{"@type":"PropertyValueSpecification","valueRequired":true,"valueName":"search_term_string"}}],"inLanguage":"en-GB"},{"@type":"Organization","@id":"https:\/\/masricardenque.fr\/#organization","name":"www.masricardenque.fr","url":"https:\/\/masricardenque.fr\/","logo":{"@type":"ImageObject","inLanguage":"en-GB","@id":"https:\/\/masricardenque.fr\/#\/schema\/logo\/image\/","url":"https:\/\/masricardenque.fr\/wp-content\/uploads\/2022\/06\/cropped-Logo-mas-ricardenque-noir.png","contentUrl":"https:\/\/masricardenque.fr\/wp-content\/uploads\/2022\/06\/cropped-Logo-mas-ricardenque-noir.png","width":890,"height":418,"caption":"www.masricardenque.fr"},"image":{"@id":"https:\/\/masricardenque.fr\/#\/schema\/logo\/image\/"},"sameAs":["https:\/\/www.facebook.com\/profile.php?id=100054311390282"]},{"@type":"Person","@id":"https:\/\/masricardenque.fr\/#\/schema\/person\/82e2f251915a25ac1a45a5834233dd06","name":"lauriane","image":{"@type":"ImageObject","inLanguage":"en-GB","@id":"https:\/\/masricardenque.fr\/wp-content\/litespeed\/avatar\/185b197f3eb8206bc6e2ca8d40c071cd.jpg?ver=1777486953","url":"https:\/\/masricardenque.fr\/wp-content\/litespeed\/avatar\/185b197f3eb8206bc6e2ca8d40c071cd.jpg?ver=1777486953","contentUrl":"https:\/\/masricardenque.fr\/wp-content\/litespeed\/avatar\/185b197f3eb8206bc6e2ca8d40c071cd.jpg?ver=1777486953","caption":"lauriane"},"url":"https:\/\/masricardenque.fr\/en\/author\/lauriane\/"}]}},"_links":{"self":[{"href":"https:\/\/masricardenque.fr\/en\/wp-json\/wp\/v2\/posts\/3383","targetHints":{"allow":["GET"]}}],"collection":[{"href":"https:\/\/masricardenque.fr\/en\/wp-json\/wp\/v2\/posts"}],"about":[{"href":"https:\/\/masricardenque.fr\/en\/wp-json\/wp\/v2\/types\/post"}],"author":[{"embeddable":true,"href":"https:\/\/masricardenque.fr\/en\/wp-json\/wp\/v2\/users\/2"}],"replies":[{"embeddable":true,"href":"https:\/\/masricardenque.fr\/en\/wp-json\/wp\/v2\/comments?post=3383"}],"version-history":[{"count":2,"href":"https:\/\/masricardenque.fr\/en\/wp-json\/wp\/v2\/posts\/3383\/revisions"}],"predecessor-version":[{"id":3385,"href":"https:\/\/masricardenque.fr\/en\/wp-json\/wp\/v2\/posts\/3383\/revisions\/3385"}],"wp:attachment":[{"href":"https:\/\/masricardenque.fr\/en\/wp-json\/wp\/v2\/media?parent=3383"}],"wp:term":[{"taxonomy":"category","embeddable":true,"href":"https:\/\/masricardenque.fr\/en\/wp-json\/wp\/v2\/categories?post=3383"},{"taxonomy":"post_tag","embeddable":true,"href":"https:\/\/masricardenque.fr\/en\/wp-json\/wp\/v2\/tags?post=3383"}],"curies":[{"name":"wp","href":"https:\/\/api.w.org\/{rel}","templated":true}]}}