{"id":3261,"date":"2023-07-18T13:24:00","date_gmt":"2023-07-18T11:24:00","guid":{"rendered":"https:\/\/masricardenque.fr\/?p=3261"},"modified":"2023-10-18T23:27:57","modified_gmt":"2023-10-18T21:27:57","slug":"floraison-des-vignes","status":"publish","type":"post","link":"https:\/\/masricardenque.fr\/en\/le-vignoble\/floraison-des-vignes\/","title":{"rendered":"La Floraison Envo\u00fbtante des Vignes au Mas Ricardenque : Quand le Parfum se M\u00eale \u00e0 l&rsquo;Art de la Vigne"},"content":{"rendered":"<p>La floraison des vignes est un moment magique au Mas Ricardenque, situ\u00e9 dans la commune de Callian, au c\u0153ur du <a href=\"https:\/\/www.paysdefayence.com\/\">Pays de Fayence<\/a>. Dans cet article, nous plongerons au c\u0153ur de cette p\u00e9riode cruciale de la vie de la vigne, o\u00f9 parfums enivrants et promesses de r\u00e9colte exceptionnelle se m\u00ealent harmonieusement. D\u00e9couvrons la beaut\u00e9 et l&rsquo;importance de la floraison dans ce vignoble engag\u00e9 dans l&rsquo;agriculture biologique.<\/p>\n\n\n\n<h2 class=\"wp-block-heading\">Floraison : Un spectacle \u00e9blouissant<\/h2>\n\n\n\n<p>La floraison des vignes est un moment de transition entre le bourgeonnement et la formation des fruits. Les vignes du <a href=\"https:\/\/masricardenque.fr\/en\/notre-histoire\/\">Mas Ricardenque<\/a> se parent d&rsquo;une profusion de petites fleurs d\u00e9licates, cr\u00e9ant un spectacle visuel saisissant. Les grappes de fleurs diffusent un parfum envo\u00fbtant, embaumant l&rsquo;air du vignoble. Cette phase est cruciale pour la future r\u00e9colte, car chaque fleur repr\u00e9sente le potentiel d&rsquo;un raisin m\u00fbr et savoureux.<\/p>\n\n\n\n<h2 class=\"wp-block-heading\">Le Parfum Subtil des fleurs de vignes<\/h2>\n\n\n\n<p>Le parfum \u00e9manant des fleurs de vigne est une exp\u00e9rience olfactive captivante. Au Mas Ricardenque, o\u00f9 l&rsquo;agriculture biologique est privil\u00e9gi\u00e9e, le parfum subtil et naturel de la floraison est pr\u00e9serv\u00e9. Les fleurs d\u00e9gagent des notes d\u00e9licates  florales et aquatiques, qui ajoutent une dimension sensorielle unique \u00e0 l&rsquo;ambiance du vignoble. Ce parfum envo\u00fbtant t\u00e9moigne de la vitalit\u00e9 et de la sant\u00e9 de la vigne, annon\u00e7ant une r\u00e9colte prometteuse.<\/p>\n\n\n\n<h2 class=\"wp-block-heading\">La Floraison : Un Indicateur de Sant\u00e9 de la Vigne<\/h2>\n\n\n\n<p>La floraison est \u00e9galement un indicateur pr\u00e9cieux de la sant\u00e9 de la vigne. Une floraison abondante et homog\u00e8ne t\u00e9moigne d&rsquo;une vigne bien entretenue et \u00e9quilibr\u00e9e. Au Mas Ricardenque, on veille \u00e0 la sant\u00e9 de nos vignes tout au long de l&rsquo;ann\u00e9e, en appliquant des m\u00e9thodes de culture biologique respectueuses de l&rsquo;environnement. La floraison luxuriante est donc le fruit de cet engagement constant en faveur d&rsquo;une viticulture durable et de qualit\u00e9.<\/p>\n\n\n\n<h2 class=\"wp-block-heading\">Le R\u00f4le Cl\u00e9 de la Floraison dans la Formation des raisins<\/h2>\n\n\n\n<p>Elle marque le d\u00e9but de la pollinisation et de la formation des baies de raisin. Chaque fleur f\u00e9cond\u00e9e donnera naissance \u00e0 un fruit potentiel. Au Mas Ricardenque, la floraison est un moment crucial o\u00f9 le vigneron observe attentivement le d\u00e9veloppement des grappes, pr\u00e9voyant ainsi la qualit\u00e9 de la future r\u00e9colte.<\/p>\n\n\n\n<p>C&rsquo;est un spectacle enchanteur qui marque le d\u00e9but de l&rsquo;\u00e9laboration de raisins d&rsquo;exception. Le parfum subtil qui \u00e9mane des fleurs cr\u00e9e une atmosph\u00e8re magique dans le vignoble. Cet \u00e9v\u00e9nement repr\u00e9sente \u00e9galement l&rsquo;engagement du domaine en faveur d&rsquo;une viticulture biologique. La floraison, \u00e0 la fois visuellement \u00e9poustouflante et olfactivement envo\u00fbtante, est un indicateur de la sant\u00e9 et de la vitalit\u00e9 des vignes, pr\u00e9parant le terrain pour une r\u00e9colte prometteuse. Au Mas Ricardenque, la floraison est c\u00e9l\u00e9br\u00e9e comme une \u00e9tape cruciale dans l&rsquo;art de la vigne, annon\u00e7ant une future production de vins d&rsquo;exception, o\u00f9 la nature et la passion des vignerons se rencontrent harmonieusement.<\/p>\n\n\n\n<h3 class=\"wp-block-heading\">Nos derniers articles \u00e0 d\u00e9couvrir <\/h3>\n\n\n<ul class=\"wp-block-latest-posts__list wp-block-latest-posts\"><li><a class=\"wp-block-latest-posts__post-title\" href=\"https:\/\/masricardenque.fr\/en\/non-classe\/taille-vignes\/\">La Taille des Vignes au Mas Ricardenque<\/a><\/li>\n<li><a class=\"wp-block-latest-posts__post-title\" href=\"https:\/\/masricardenque.fr\/en\/non-classe\/la-taille-des-rosiers-centifolia\/\">La Taille des Rosiers Centifolia<\/a><\/li>\n<li><a class=\"wp-block-latest-posts__post-title\" href=\"https:\/\/masricardenque.fr\/en\/non-classe\/rose-de-mai-repos-vegetatif\/\">Le Repos V\u00e9g\u00e9tatif de la Rose de Mai.<\/a><\/li>\n<li><a class=\"wp-block-latest-posts__post-title\" href=\"https:\/\/masricardenque.fr\/en\/non-classe\/repos-vegetatif-vignes\/\">Le Repos V\u00e9g\u00e9tatif des Vignes au Mas Ricardenque<\/a><\/li>\n<li><a class=\"wp-block-latest-posts__post-title\" href=\"https:\/\/masricardenque.fr\/en\/non-classe\/vendanges\/\">Les Vendanges en Famille au Mas Ricardenque<\/a><\/li>\n<\/ul>","protected":false},"excerpt":{"rendered":"<p>La floraison des vignes est un moment magique au Mas Ricardenque, situ\u00e9 dans la commune de Callian, au c\u0153ur du Pays de Fayence. Dans cet article, nous plongerons au c\u0153ur de cette p\u00e9riode cruciale de la vie de la vigne, o\u00f9 parfums enivrants et promesses de r\u00e9colte exceptionnelle se m\u00ealent harmonieusement. D\u00e9couvrons la beaut\u00e9 et [&hellip;]<\/p>\n","protected":false},"author":2,"featured_media":1649,"comment_status":"closed","ping_status":"closed","sticky":false,"template":"","format":"standard","meta":{"site-sidebar-layout":"default","site-content-layout":"","ast-site-content-layout":"default","site-content-style":"default","site-sidebar-style":"default","ast-global-header-display":"","ast-banner-title-visibility":"","ast-main-header-display":"","ast-hfb-above-header-display":"","ast-hfb-below-header-display":"","ast-hfb-mobile-header-display":"","site-post-title":"","ast-breadcrumbs-content":"","ast-featured-img":"","footer-sml-layout":"","ast-disable-related-posts":"","theme-transparent-header-meta":"","adv-header-id-meta":"","stick-header-meta":"","header-above-stick-meta":"","header-main-stick-meta":"","header-below-stick-meta":"","astra-migrate-meta-layouts":"set","ast-page-background-enabled":"default","ast-page-background-meta":{"desktop":{"background-color":"var(--ast-global-color-4)","background-image":"","background-repeat":"repeat","background-position":"center center","background-size":"auto","background-attachment":"scroll","background-type":"","background-media":"","overlay-type":"","overlay-color":"","overlay-opacity":"","overlay-gradient":""},"tablet":{"background-color":"","background-image":"","background-repeat":"repeat","background-position":"center center","background-size":"auto","background-attachment":"scroll","background-type":"","background-media":"","overlay-type":"","overlay-color":"","overlay-opacity":"","overlay-gradient":""},"mobile":{"background-color":"","background-image":"","background-repeat":"repeat","background-position":"center center","background-size":"auto","background-attachment":"scroll","background-type":"","background-media":"","overlay-type":"","overlay-color":"","overlay-opacity":"","overlay-gradient":""}},"ast-content-background-meta":{"desktop":{"background-color":"var(--ast-global-color-5)","background-image":"","background-repeat":"repeat","background-position":"center center","background-size":"auto","background-attachment":"scroll","background-type":"","background-media":"","overlay-type":"","overlay-color":"","overlay-opacity":"","overlay-gradient":""},"tablet":{"background-color":"var(--ast-global-color-5)","background-image":"","background-repeat":"repeat","background-position":"center center","background-size":"auto","background-attachment":"scroll","background-type":"","background-media":"","overlay-type":"","overlay-color":"","overlay-opacity":"","overlay-gradient":""},"mobile":{"background-color":"var(--ast-global-color-5)","background-image":"","background-repeat":"repeat","background-position":"center center","background-size":"auto","background-attachment":"scroll","background-type":"","background-media":"","overlay-type":"","overlay-color":"","overlay-opacity":"","overlay-gradient":""}},"footnotes":""},"categories":[58],"tags":[],"class_list":["post-3261","post","type-post","status-publish","format-standard","has-post-thumbnail","hentry","category-le-vignoble"],"yoast_head":"<!-- This site is optimized with the Yoast SEO plugin v27.5 - https:\/\/yoast.com\/product\/yoast-seo-wordpress\/ -->\n<title>Floraison des vignes au Mas Ricardenque - Mas Ricardenque<\/title>\n<meta name=\"description\" content=\"La floraison des vignes est un moment magique au Mas Ricardenque, situ\u00e9 dans la commune de Callian, au c\u0153ur du Pays de Fayence.\" \/>\n<meta name=\"robots\" content=\"index, follow, max-snippet:-1, max-image-preview:large, max-video-preview:-1\" \/>\n<link rel=\"canonical\" href=\"https:\/\/masricardenque.fr\/en\/le-vignoble\/floraison-des-vignes\/\" \/>\n<meta property=\"og:locale\" content=\"en_GB\" \/>\n<meta property=\"og:type\" content=\"article\" \/>\n<meta property=\"og:title\" content=\"Floraison des vignes au Mas Ricardenque - Mas Ricardenque\" \/>\n<meta property=\"og:description\" content=\"La floraison des vignes est un moment magique au Mas Ricardenque, situ\u00e9 dans la commune de Callian, au c\u0153ur du Pays de Fayence.\" \/>\n<meta property=\"og:url\" content=\"https:\/\/masricardenque.fr\/en\/le-vignoble\/floraison-des-vignes\/\" \/>\n<meta property=\"og:site_name\" content=\"Mas Ricardenque\" \/>\n<meta property=\"article:publisher\" content=\"https:\/\/www.facebook.com\/profile.php?id=100054311390282\" \/>\n<meta property=\"article:published_time\" content=\"2023-07-18T11:24:00+00:00\" \/>\n<meta property=\"article:modified_time\" content=\"2023-10-18T21:27:57+00:00\" \/>\n<meta property=\"og:image\" content=\"https:\/\/masricardenque.fr\/wp-content\/uploads\/2022\/06\/floraison.jpg\" \/>\n\t<meta property=\"og:image:width\" content=\"844\" \/>\n\t<meta property=\"og:image:height\" content=\"872\" \/>\n\t<meta property=\"og:image:type\" content=\"image\/jpeg\" \/>\n<meta name=\"author\" content=\"lauriane\" \/>\n<meta name=\"twitter:card\" content=\"summary_large_image\" \/>\n<meta name=\"twitter:label1\" content=\"Written by\" \/>\n\t<meta name=\"twitter:data1\" content=\"lauriane\" \/>\n\t<meta name=\"twitter:label2\" content=\"Estimated reading time\" \/>\n\t<meta name=\"twitter:data2\" content=\"3 minutes\" \/>\n<script type=\"application\/ld+json\" class=\"yoast-schema-graph\">{\"@context\":\"https:\\\/\\\/schema.org\",\"@graph\":[{\"@type\":\"Article\",\"@id\":\"https:\\\/\\\/masricardenque.fr\\\/le-vignoble\\\/floraison-des-vignes\\\/#article\",\"isPartOf\":{\"@id\":\"https:\\\/\\\/masricardenque.fr\\\/le-vignoble\\\/floraison-des-vignes\\\/\"},\"author\":{\"name\":\"lauriane\",\"@id\":\"https:\\\/\\\/masricardenque.fr\\\/#\\\/schema\\\/person\\\/82e2f251915a25ac1a45a5834233dd06\"},\"headline\":\"La Floraison Envo\u00fbtante des Vignes au Mas Ricardenque : Quand le Parfum se M\u00eale \u00e0 l&rsquo;Art de la Vigne\",\"datePublished\":\"2023-07-18T11:24:00+00:00\",\"dateModified\":\"2023-10-18T21:27:57+00:00\",\"mainEntityOfPage\":{\"@id\":\"https:\\\/\\\/masricardenque.fr\\\/le-vignoble\\\/floraison-des-vignes\\\/\"},\"wordCount\":538,\"publisher\":{\"@id\":\"https:\\\/\\\/masricardenque.fr\\\/#organization\"},\"image\":{\"@id\":\"https:\\\/\\\/masricardenque.fr\\\/le-vignoble\\\/floraison-des-vignes\\\/#primaryimage\"},\"thumbnailUrl\":\"https:\\\/\\\/masricardenque.fr\\\/wp-content\\\/uploads\\\/2022\\\/06\\\/floraison.jpg\",\"articleSection\":[\"Le vignoble\"],\"inLanguage\":\"en-GB\"},{\"@type\":\"WebPage\",\"@id\":\"https:\\\/\\\/masricardenque.fr\\\/le-vignoble\\\/floraison-des-vignes\\\/\",\"url\":\"https:\\\/\\\/masricardenque.fr\\\/le-vignoble\\\/floraison-des-vignes\\\/\",\"name\":\"Floraison des vignes au Mas Ricardenque - Mas Ricardenque\",\"isPartOf\":{\"@id\":\"https:\\\/\\\/masricardenque.fr\\\/#website\"},\"primaryImageOfPage\":{\"@id\":\"https:\\\/\\\/masricardenque.fr\\\/le-vignoble\\\/floraison-des-vignes\\\/#primaryimage\"},\"image\":{\"@id\":\"https:\\\/\\\/masricardenque.fr\\\/le-vignoble\\\/floraison-des-vignes\\\/#primaryimage\"},\"thumbnailUrl\":\"https:\\\/\\\/masricardenque.fr\\\/wp-content\\\/uploads\\\/2022\\\/06\\\/floraison.jpg\",\"datePublished\":\"2023-07-18T11:24:00+00:00\",\"dateModified\":\"2023-10-18T21:27:57+00:00\",\"description\":\"La floraison des vignes est un moment magique au Mas Ricardenque, situ\u00e9 dans la commune de Callian, au c\u0153ur du Pays de Fayence.\",\"breadcrumb\":{\"@id\":\"https:\\\/\\\/masricardenque.fr\\\/le-vignoble\\\/floraison-des-vignes\\\/#breadcrumb\"},\"inLanguage\":\"en-GB\",\"potentialAction\":[{\"@type\":\"ReadAction\",\"target\":[\"https:\\\/\\\/masricardenque.fr\\\/le-vignoble\\\/floraison-des-vignes\\\/\"]}]},{\"@type\":\"ImageObject\",\"inLanguage\":\"en-GB\",\"@id\":\"https:\\\/\\\/masricardenque.fr\\\/le-vignoble\\\/floraison-des-vignes\\\/#primaryimage\",\"url\":\"https:\\\/\\\/masricardenque.fr\\\/wp-content\\\/uploads\\\/2022\\\/06\\\/floraison.jpg\",\"contentUrl\":\"https:\\\/\\\/masricardenque.fr\\\/wp-content\\\/uploads\\\/2022\\\/06\\\/floraison.jpg\",\"width\":844,\"height\":872,\"caption\":\"Floraison d'une vigne\"},{\"@type\":\"BreadcrumbList\",\"@id\":\"https:\\\/\\\/masricardenque.fr\\\/le-vignoble\\\/floraison-des-vignes\\\/#breadcrumb\",\"itemListElement\":[{\"@type\":\"ListItem\",\"position\":1,\"name\":\"Accueil\",\"item\":\"https:\\\/\\\/masricardenque.fr\\\/\"},{\"@type\":\"ListItem\",\"position\":2,\"name\":\"La Floraison Envo\u00fbtante des Vignes au Mas Ricardenque : Quand le Parfum se M\u00eale \u00e0 l&#8217;Art de la Vigne\"}]},{\"@type\":\"WebSite\",\"@id\":\"https:\\\/\\\/masricardenque.fr\\\/#website\",\"url\":\"https:\\\/\\\/masricardenque.fr\\\/\",\"name\":\"www.masricardenque.fr\",\"description\":\"Producteur de vins et de roses centifolia biologiques \u00e0 Callian\",\"publisher\":{\"@id\":\"https:\\\/\\\/masricardenque.fr\\\/#organization\"},\"potentialAction\":[{\"@type\":\"SearchAction\",\"target\":{\"@type\":\"EntryPoint\",\"urlTemplate\":\"https:\\\/\\\/masricardenque.fr\\\/?s={search_term_string}\"},\"query-input\":{\"@type\":\"PropertyValueSpecification\",\"valueRequired\":true,\"valueName\":\"search_term_string\"}}],\"inLanguage\":\"en-GB\"},{\"@type\":\"Organization\",\"@id\":\"https:\\\/\\\/masricardenque.fr\\\/#organization\",\"name\":\"www.masricardenque.fr\",\"url\":\"https:\\\/\\\/masricardenque.fr\\\/\",\"logo\":{\"@type\":\"ImageObject\",\"inLanguage\":\"en-GB\",\"@id\":\"https:\\\/\\\/masricardenque.fr\\\/#\\\/schema\\\/logo\\\/image\\\/\",\"url\":\"https:\\\/\\\/masricardenque.fr\\\/wp-content\\\/uploads\\\/2022\\\/06\\\/cropped-Logo-mas-ricardenque-noir.png\",\"contentUrl\":\"https:\\\/\\\/masricardenque.fr\\\/wp-content\\\/uploads\\\/2022\\\/06\\\/cropped-Logo-mas-ricardenque-noir.png\",\"width\":890,\"height\":418,\"caption\":\"www.masricardenque.fr\"},\"image\":{\"@id\":\"https:\\\/\\\/masricardenque.fr\\\/#\\\/schema\\\/logo\\\/image\\\/\"},\"sameAs\":[\"https:\\\/\\\/www.facebook.com\\\/profile.php?id=100054311390282\"]},{\"@type\":\"Person\",\"@id\":\"https:\\\/\\\/masricardenque.fr\\\/#\\\/schema\\\/person\\\/82e2f251915a25ac1a45a5834233dd06\",\"name\":\"lauriane\",\"image\":{\"@type\":\"ImageObject\",\"inLanguage\":\"en-GB\",\"@id\":\"https:\\\/\\\/masricardenque.fr\\\/wp-content\\\/litespeed\\\/avatar\\\/185b197f3eb8206bc6e2ca8d40c071cd.jpg?ver=1777486953\",\"url\":\"https:\\\/\\\/masricardenque.fr\\\/wp-content\\\/litespeed\\\/avatar\\\/185b197f3eb8206bc6e2ca8d40c071cd.jpg?ver=1777486953\",\"contentUrl\":\"https:\\\/\\\/masricardenque.fr\\\/wp-content\\\/litespeed\\\/avatar\\\/185b197f3eb8206bc6e2ca8d40c071cd.jpg?ver=1777486953\",\"caption\":\"lauriane\"},\"url\":\"https:\\\/\\\/masricardenque.fr\\\/en\\\/author\\\/lauriane\\\/\"}]}<\/script>\n<!-- \/ Yoast SEO plugin. -->","yoast_head_json":{"title":"Floraison des vignes au Mas Ricardenque - Mas Ricardenque","description":"La floraison des vignes est un moment magique au Mas Ricardenque, situ\u00e9 dans la commune de Callian, au c\u0153ur du Pays de Fayence.","robots":{"index":"index","follow":"follow","max-snippet":"max-snippet:-1","max-image-preview":"max-image-preview:large","max-video-preview":"max-video-preview:-1"},"canonical":"https:\/\/masricardenque.fr\/en\/le-vignoble\/floraison-des-vignes\/","og_locale":"en_GB","og_type":"article","og_title":"Floraison des vignes au Mas Ricardenque - Mas Ricardenque","og_description":"La floraison des vignes est un moment magique au Mas Ricardenque, situ\u00e9 dans la commune de Callian, au c\u0153ur du Pays de Fayence.","og_url":"https:\/\/masricardenque.fr\/en\/le-vignoble\/floraison-des-vignes\/","og_site_name":"Mas Ricardenque","article_publisher":"https:\/\/www.facebook.com\/profile.php?id=100054311390282","article_published_time":"2023-07-18T11:24:00+00:00","article_modified_time":"2023-10-18T21:27:57+00:00","og_image":[{"width":844,"height":872,"url":"https:\/\/masricardenque.fr\/wp-content\/uploads\/2022\/06\/floraison.jpg","type":"image\/jpeg"}],"author":"lauriane","twitter_card":"summary_large_image","twitter_misc":{"Written by":"lauriane","Estimated reading time":"3 minutes"},"schema":{"@context":"https:\/\/schema.org","@graph":[{"@type":"Article","@id":"https:\/\/masricardenque.fr\/le-vignoble\/floraison-des-vignes\/#article","isPartOf":{"@id":"https:\/\/masricardenque.fr\/le-vignoble\/floraison-des-vignes\/"},"author":{"name":"lauriane","@id":"https:\/\/masricardenque.fr\/#\/schema\/person\/82e2f251915a25ac1a45a5834233dd06"},"headline":"La Floraison Envo\u00fbtante des Vignes au Mas Ricardenque : Quand le Parfum se M\u00eale \u00e0 l&rsquo;Art de la Vigne","datePublished":"2023-07-18T11:24:00+00:00","dateModified":"2023-10-18T21:27:57+00:00","mainEntityOfPage":{"@id":"https:\/\/masricardenque.fr\/le-vignoble\/floraison-des-vignes\/"},"wordCount":538,"publisher":{"@id":"https:\/\/masricardenque.fr\/#organization"},"image":{"@id":"https:\/\/masricardenque.fr\/le-vignoble\/floraison-des-vignes\/#primaryimage"},"thumbnailUrl":"https:\/\/masricardenque.fr\/wp-content\/uploads\/2022\/06\/floraison.jpg","articleSection":["Le vignoble"],"inLanguage":"en-GB"},{"@type":"WebPage","@id":"https:\/\/masricardenque.fr\/le-vignoble\/floraison-des-vignes\/","url":"https:\/\/masricardenque.fr\/le-vignoble\/floraison-des-vignes\/","name":"Floraison des vignes au Mas Ricardenque - Mas Ricardenque","isPartOf":{"@id":"https:\/\/masricardenque.fr\/#website"},"primaryImageOfPage":{"@id":"https:\/\/masricardenque.fr\/le-vignoble\/floraison-des-vignes\/#primaryimage"},"image":{"@id":"https:\/\/masricardenque.fr\/le-vignoble\/floraison-des-vignes\/#primaryimage"},"thumbnailUrl":"https:\/\/masricardenque.fr\/wp-content\/uploads\/2022\/06\/floraison.jpg","datePublished":"2023-07-18T11:24:00+00:00","dateModified":"2023-10-18T21:27:57+00:00","description":"La floraison des vignes est un moment magique au Mas Ricardenque, situ\u00e9 dans la commune de Callian, au c\u0153ur du Pays de Fayence.","breadcrumb":{"@id":"https:\/\/masricardenque.fr\/le-vignoble\/floraison-des-vignes\/#breadcrumb"},"inLanguage":"en-GB","potentialAction":[{"@type":"ReadAction","target":["https:\/\/masricardenque.fr\/le-vignoble\/floraison-des-vignes\/"]}]},{"@type":"ImageObject","inLanguage":"en-GB","@id":"https:\/\/masricardenque.fr\/le-vignoble\/floraison-des-vignes\/#primaryimage","url":"https:\/\/masricardenque.fr\/wp-content\/uploads\/2022\/06\/floraison.jpg","contentUrl":"https:\/\/masricardenque.fr\/wp-content\/uploads\/2022\/06\/floraison.jpg","width":844,"height":872,"caption":"Floraison d'une vigne"},{"@type":"BreadcrumbList","@id":"https:\/\/masricardenque.fr\/le-vignoble\/floraison-des-vignes\/#breadcrumb","itemListElement":[{"@type":"ListItem","position":1,"name":"Accueil","item":"https:\/\/masricardenque.fr\/"},{"@type":"ListItem","position":2,"name":"La Floraison Envo\u00fbtante des Vignes au Mas Ricardenque : Quand le Parfum se M\u00eale \u00e0 l&#8217;Art de la Vigne"}]},{"@type":"WebSite","@id":"https:\/\/masricardenque.fr\/#website","url":"https:\/\/masricardenque.fr\/","name":"www.masricardenque.fr","description":"Wine and rosa centifolia organic producer in Callian","publisher":{"@id":"https:\/\/masricardenque.fr\/#organization"},"potentialAction":[{"@type":"SearchAction","target":{"@type":"EntryPoint","urlTemplate":"https:\/\/masricardenque.fr\/?s={search_term_string}"},"query-input":{"@type":"PropertyValueSpecification","valueRequired":true,"valueName":"search_term_string"}}],"inLanguage":"en-GB"},{"@type":"Organization","@id":"https:\/\/masricardenque.fr\/#organization","name":"www.masricardenque.fr","url":"https:\/\/masricardenque.fr\/","logo":{"@type":"ImageObject","inLanguage":"en-GB","@id":"https:\/\/masricardenque.fr\/#\/schema\/logo\/image\/","url":"https:\/\/masricardenque.fr\/wp-content\/uploads\/2022\/06\/cropped-Logo-mas-ricardenque-noir.png","contentUrl":"https:\/\/masricardenque.fr\/wp-content\/uploads\/2022\/06\/cropped-Logo-mas-ricardenque-noir.png","width":890,"height":418,"caption":"www.masricardenque.fr"},"image":{"@id":"https:\/\/masricardenque.fr\/#\/schema\/logo\/image\/"},"sameAs":["https:\/\/www.facebook.com\/profile.php?id=100054311390282"]},{"@type":"Person","@id":"https:\/\/masricardenque.fr\/#\/schema\/person\/82e2f251915a25ac1a45a5834233dd06","name":"lauriane","image":{"@type":"ImageObject","inLanguage":"en-GB","@id":"https:\/\/masricardenque.fr\/wp-content\/litespeed\/avatar\/185b197f3eb8206bc6e2ca8d40c071cd.jpg?ver=1777486953","url":"https:\/\/masricardenque.fr\/wp-content\/litespeed\/avatar\/185b197f3eb8206bc6e2ca8d40c071cd.jpg?ver=1777486953","contentUrl":"https:\/\/masricardenque.fr\/wp-content\/litespeed\/avatar\/185b197f3eb8206bc6e2ca8d40c071cd.jpg?ver=1777486953","caption":"lauriane"},"url":"https:\/\/masricardenque.fr\/en\/author\/lauriane\/"}]}},"_links":{"self":[{"href":"https:\/\/masricardenque.fr\/en\/wp-json\/wp\/v2\/posts\/3261","targetHints":{"allow":["GET"]}}],"collection":[{"href":"https:\/\/masricardenque.fr\/en\/wp-json\/wp\/v2\/posts"}],"about":[{"href":"https:\/\/masricardenque.fr\/en\/wp-json\/wp\/v2\/types\/post"}],"author":[{"embeddable":true,"href":"https:\/\/masricardenque.fr\/en\/wp-json\/wp\/v2\/users\/2"}],"replies":[{"embeddable":true,"href":"https:\/\/masricardenque.fr\/en\/wp-json\/wp\/v2\/comments?post=3261"}],"version-history":[{"count":2,"href":"https:\/\/masricardenque.fr\/en\/wp-json\/wp\/v2\/posts\/3261\/revisions"}],"predecessor-version":[{"id":3264,"href":"https:\/\/masricardenque.fr\/en\/wp-json\/wp\/v2\/posts\/3261\/revisions\/3264"}],"wp:featuredmedia":[{"embeddable":true,"href":"https:\/\/masricardenque.fr\/en\/wp-json\/wp\/v2\/media\/1649"}],"wp:attachment":[{"href":"https:\/\/masricardenque.fr\/en\/wp-json\/wp\/v2\/media?parent=3261"}],"wp:term":[{"taxonomy":"category","embeddable":true,"href":"https:\/\/masricardenque.fr\/en\/wp-json\/wp\/v2\/categories?post=3261"},{"taxonomy":"post_tag","embeddable":true,"href":"https:\/\/masricardenque.fr\/en\/wp-json\/wp\/v2\/tags?post=3261"}],"curies":[{"name":"wp","href":"https:\/\/api.w.org\/{rel}","templated":true}]}}