{"id":3134,"date":"2023-05-25T12:00:00","date_gmt":"2023-05-25T10:00:00","guid":{"rendered":"https:\/\/masricardenque.fr\/?p=3134"},"modified":"2023-06-09T12:32:24","modified_gmt":"2023-06-09T10:32:24","slug":"cueillette-rose-callian","status":"publish","type":"post","link":"https:\/\/masricardenque.fr\/en\/culture-de-la-rose\/cueillette-rose-callian\/","title":{"rendered":"La Rose Centifolia : Une Plante \u00e0 Parfums Exceptionnelle, Cultiv\u00e9e avec Soin dans le Canton de Fayence"},"content":{"rendered":"<h2 class=\"wp-block-heading\">Le Charme de la Rose Centifolia<\/h2>\n\n\n\n<p>La Rose Centifolia, ou \u00ab\u00a0Cent-Feuilles\u00a0\u00bb en fran\u00e7ais, tire son nom de sa multitude de p\u00e9tales qui lui conf\u00e8rent une apparence magnifique et opulente.  Les fleurs d\u00e9gagent des notes florales intenses et captivantes, ce qui en fait un ingr\u00e9dient de choix dans l&rsquo;industrie du parfum et de la cosm\u00e9tique.<\/p>\n\n\n\n<h2 class=\"wp-block-heading\">Culture Biologique et Cueillette Familiale<\/h2>\n\n\n\n<p>La culture de la Rose Centifolia au <a href=\"https:\/\/masricardenque.fr\/en\/\">Mas Ricardenque <\/a>repose sur des principes biologiques, \u00e9vitant l&rsquo;utilisation de pesticides et de produits chimiques nocifs.  Nous cultivons les roses avec soin. Nous accordons une attention m\u00e9ticuleuse \u00e0 chaque \u00e9tape du processus de croissance. La cueillette familiale est une tradition ancestrale. Elle consiste \u00e0 r\u00e9colter les roses \u00e0 la main, avec d\u00e9licatesse, pour pr\u00e9server leur int\u00e9grit\u00e9 et leur parfum exceptionnel.<\/p>\n\n\n\n<h2 class=\"wp-block-heading\">Le <a href=\"https:\/\/www.paysdefayence.com\/\">Canton de Fayence<\/a> : Un Terroir d&rsquo;Exception<\/h2>\n\n\n\n<p>Situ\u00e9 dans le sud-est de la France, le canton de Fayence offre un climat et un sol id\u00e9aux pour la culture de la Rose Centifolia. Les temp\u00e9ratures chaudes et ensoleill\u00e9es, associ\u00e9es aux brises m\u00e9diterran\u00e9ennes, favorisent la croissance saine des roses. Le Mas Ricardenque a un savoir-faire ancestral dans la culture des fleurs. Il se refl\u00e8te dans la qualit\u00e9 exceptionnelle des roses de Centifolia qui y sont cultiv\u00e9es.<\/p>\n\n\n\n<h2 class=\"wp-block-heading\">Callian : Un Village au C\u0153ur de la Rose Centifolia<\/h2>\n\n\n\n<p>Parmi les villages pittoresques du canton de Fayence, le village de Callian avec ses paysages enchanteurs et sa douce atmosph\u00e8re cr\u00e9ent un cadre id\u00e9al pour la culture des roses. Les visiteurs peuvent d\u00e9couvrir les magnifiques champs de roses. Ils peuvent \u00e9galement profiter de la beaut\u00e9 et du parfum envo\u00fbtant de cette fleur embl\u00e9matique.<\/p>\n\n\n\n<p>La Rose Centifolia, avec sa culture biologique et sa cueillette familiale, est une fleur d&rsquo;exception cultiv\u00e9e avec passion dans le canton de Fayence. Son parfum envo\u00fbtant et sa beaut\u00e9 opulente en font une rose recherch\u00e9e dans l&rsquo;industrie du parfum et de la cosm\u00e9tique. D\u00e9couvrir les champs de roses de <a href=\"https:\/\/www.callian.fr\/\">Callian<\/a> est une exp\u00e9rience magique pour tous les amoureux de cette fleur embl\u00e9matique.<\/p>","protected":false},"excerpt":{"rendered":"<p>La Rose Centifolia, \u00e9galement connue sous le nom de Rose de Mai, est une plante \u00e0 parfums embl\u00e9matique. Sa culture biologique et sa cueillette familiale au Mas Ricardenque font d&rsquo;elle une fleur d&rsquo;une qualit\u00e9 exceptionnelle. Dans cet article, nous explorerons les caract\u00e9ristiques uniques de la Rose Centifolia et nous plongerons dans son processus de culture dans la magnifique r\u00e9gion du canton de Fayence, en France.<\/p>","protected":false},"author":1,"featured_media":3136,"comment_status":"closed","ping_status":"closed","sticky":false,"template":"elementor_theme","format":"video","meta":{"site-sidebar-layout":"default","site-content-layout":"","ast-site-content-layout":"default","site-content-style":"default","site-sidebar-style":"default","ast-global-header-display":"","ast-banner-title-visibility":"","ast-main-header-display":"","ast-hfb-above-header-display":"","ast-hfb-below-header-display":"","ast-hfb-mobile-header-display":"","site-post-title":"","ast-breadcrumbs-content":"","ast-featured-img":"","footer-sml-layout":"","ast-disable-related-posts":"","theme-transparent-header-meta":"","adv-header-id-meta":"","stick-header-meta":"","header-above-stick-meta":"","header-main-stick-meta":"","header-below-stick-meta":"","astra-migrate-meta-layouts":"default","ast-page-background-enabled":"default","ast-page-background-meta":{"desktop":{"background-color":"var(--ast-global-color-4)","background-image":"","background-repeat":"repeat","background-position":"center center","background-size":"auto","background-attachment":"scroll","background-type":"","background-media":"","overlay-type":"","overlay-color":"","overlay-opacity":"","overlay-gradient":""},"tablet":{"background-color":"","background-image":"","background-repeat":"repeat","background-position":"center center","background-size":"auto","background-attachment":"scroll","background-type":"","background-media":"","overlay-type":"","overlay-color":"","overlay-opacity":"","overlay-gradient":""},"mobile":{"background-color":"","background-image":"","background-repeat":"repeat","background-position":"center center","background-size":"auto","background-attachment":"scroll","background-type":"","background-media":"","overlay-type":"","overlay-color":"","overlay-opacity":"","overlay-gradient":""}},"ast-content-background-meta":{"desktop":{"background-color":"var(--ast-global-color-5)","background-image":"","background-repeat":"repeat","background-position":"center center","background-size":"auto","background-attachment":"scroll","background-type":"","background-media":"","overlay-type":"","overlay-color":"","overlay-opacity":"","overlay-gradient":""},"tablet":{"background-color":"var(--ast-global-color-5)","background-image":"","background-repeat":"repeat","background-position":"center center","background-size":"auto","background-attachment":"scroll","background-type":"","background-media":"","overlay-type":"","overlay-color":"","overlay-opacity":"","overlay-gradient":""},"mobile":{"background-color":"var(--ast-global-color-5)","background-image":"","background-repeat":"repeat","background-position":"center center","background-size":"auto","background-attachment":"scroll","background-type":"","background-media":"","overlay-type":"","overlay-color":"","overlay-opacity":"","overlay-gradient":""}},"footnotes":""},"categories":[57],"tags":[],"class_list":["post-3134","post","type-post","status-publish","format-video","has-post-thumbnail","hentry","category-culture-de-la-rose","post_format-post-format-video"],"yoast_head":"<!-- This site is optimized with the Yoast SEO plugin v27.5 - https:\/\/yoast.com\/product\/yoast-seo-wordpress\/ -->\n<title>La Rose Centifolia : Une plante \u00e0 parfums cultiv\u00e9e \u00e0 Callian (Var)<\/title>\n<meta name=\"description\" content=\"La Rose Centifolia,est une plante \u00e0 parfums embl\u00e9matique. Sa culture biologique et sa cueillette familiale au Mas Ricardenque font d&#039;elle une fleur d&#039;une qualit\u00e9 exceptionnelle.\" \/>\n<meta name=\"robots\" content=\"index, follow, max-snippet:-1, max-image-preview:large, max-video-preview:-1\" \/>\n<link rel=\"canonical\" href=\"https:\/\/masricardenque.fr\/en\/culture-de-la-rose\/cueillette-rose-callian\/\" \/>\n<meta property=\"og:locale\" content=\"en_GB\" \/>\n<meta property=\"og:type\" content=\"article\" \/>\n<meta property=\"og:title\" content=\"La Rose Centifolia : Une plante \u00e0 parfums cultiv\u00e9e \u00e0 Callian (Var)\" \/>\n<meta property=\"og:description\" content=\"La Rose Centifolia,est une plante \u00e0 parfums embl\u00e9matique. Sa culture biologique et sa cueillette familiale au Mas Ricardenque font d&#039;elle une fleur d&#039;une qualit\u00e9 exceptionnelle.\" \/>\n<meta property=\"og:url\" content=\"https:\/\/masricardenque.fr\/en\/culture-de-la-rose\/cueillette-rose-callian\/\" \/>\n<meta property=\"og:site_name\" content=\"Mas Ricardenque\" \/>\n<meta property=\"article:publisher\" content=\"https:\/\/www.facebook.com\/profile.php?id=100054311390282\" \/>\n<meta property=\"article:published_time\" content=\"2023-05-25T10:00:00+00:00\" \/>\n<meta property=\"article:modified_time\" content=\"2023-06-09T10:32:24+00:00\" \/>\n<meta property=\"og:image\" content=\"https:\/\/masricardenque.fr\/wp-content\/uploads\/2023\/06\/7-scaled.jpg\" \/>\n\t<meta property=\"og:image:width\" content=\"1707\" \/>\n\t<meta property=\"og:image:height\" content=\"2560\" \/>\n\t<meta property=\"og:image:type\" content=\"image\/jpeg\" \/>\n<meta name=\"author\" content=\"admin\" \/>\n<meta name=\"twitter:card\" content=\"summary_large_image\" \/>\n<meta name=\"twitter:label1\" content=\"Written by\" \/>\n\t<meta name=\"twitter:data1\" content=\"admin\" \/>\n\t<meta name=\"twitter:label2\" content=\"Estimated reading time\" \/>\n\t<meta name=\"twitter:data2\" content=\"2 minutes\" \/>\n<script type=\"application\/ld+json\" class=\"yoast-schema-graph\">{\"@context\":\"https:\\\/\\\/schema.org\",\"@graph\":[{\"@type\":\"Article\",\"@id\":\"https:\\\/\\\/masricardenque.fr\\\/culture-de-la-rose\\\/cueillette-rose-callian\\\/#article\",\"isPartOf\":{\"@id\":\"https:\\\/\\\/masricardenque.fr\\\/culture-de-la-rose\\\/cueillette-rose-callian\\\/\"},\"author\":{\"name\":\"admin\",\"@id\":\"https:\\\/\\\/masricardenque.fr\\\/#\\\/schema\\\/person\\\/2bb9b436e79c524ca70246e47c6a74d5\"},\"headline\":\"La Rose Centifolia : Une Plante \u00e0 Parfums Exceptionnelle, Cultiv\u00e9e avec Soin dans le Canton de Fayence\",\"datePublished\":\"2023-05-25T10:00:00+00:00\",\"dateModified\":\"2023-06-09T10:32:24+00:00\",\"mainEntityOfPage\":{\"@id\":\"https:\\\/\\\/masricardenque.fr\\\/culture-de-la-rose\\\/cueillette-rose-callian\\\/\"},\"wordCount\":375,\"publisher\":{\"@id\":\"https:\\\/\\\/masricardenque.fr\\\/#organization\"},\"image\":{\"@id\":\"https:\\\/\\\/masricardenque.fr\\\/culture-de-la-rose\\\/cueillette-rose-callian\\\/#primaryimage\"},\"thumbnailUrl\":\"https:\\\/\\\/masricardenque.fr\\\/wp-content\\\/uploads\\\/2023\\\/06\\\/7-scaled.jpg\",\"articleSection\":[\"Culture de la rose\"],\"inLanguage\":\"en-GB\"},{\"@type\":\"WebPage\",\"@id\":\"https:\\\/\\\/masricardenque.fr\\\/culture-de-la-rose\\\/cueillette-rose-callian\\\/\",\"url\":\"https:\\\/\\\/masricardenque.fr\\\/culture-de-la-rose\\\/cueillette-rose-callian\\\/\",\"name\":\"La Rose Centifolia : Une plante \u00e0 parfums cultiv\u00e9e \u00e0 Callian (Var)\",\"isPartOf\":{\"@id\":\"https:\\\/\\\/masricardenque.fr\\\/#website\"},\"primaryImageOfPage\":{\"@id\":\"https:\\\/\\\/masricardenque.fr\\\/culture-de-la-rose\\\/cueillette-rose-callian\\\/#primaryimage\"},\"image\":{\"@id\":\"https:\\\/\\\/masricardenque.fr\\\/culture-de-la-rose\\\/cueillette-rose-callian\\\/#primaryimage\"},\"thumbnailUrl\":\"https:\\\/\\\/masricardenque.fr\\\/wp-content\\\/uploads\\\/2023\\\/06\\\/7-scaled.jpg\",\"datePublished\":\"2023-05-25T10:00:00+00:00\",\"dateModified\":\"2023-06-09T10:32:24+00:00\",\"description\":\"La Rose Centifolia,est une plante \u00e0 parfums embl\u00e9matique. Sa culture biologique et sa cueillette familiale au Mas Ricardenque font d'elle une fleur d'une qualit\u00e9 exceptionnelle.\",\"breadcrumb\":{\"@id\":\"https:\\\/\\\/masricardenque.fr\\\/culture-de-la-rose\\\/cueillette-rose-callian\\\/#breadcrumb\"},\"inLanguage\":\"en-GB\",\"potentialAction\":[{\"@type\":\"ReadAction\",\"target\":[\"https:\\\/\\\/masricardenque.fr\\\/culture-de-la-rose\\\/cueillette-rose-callian\\\/\"]}]},{\"@type\":\"ImageObject\",\"inLanguage\":\"en-GB\",\"@id\":\"https:\\\/\\\/masricardenque.fr\\\/culture-de-la-rose\\\/cueillette-rose-callian\\\/#primaryimage\",\"url\":\"https:\\\/\\\/masricardenque.fr\\\/wp-content\\\/uploads\\\/2023\\\/06\\\/7-scaled.jpg\",\"contentUrl\":\"https:\\\/\\\/masricardenque.fr\\\/wp-content\\\/uploads\\\/2023\\\/06\\\/7-scaled.jpg\",\"width\":1707,\"height\":2560},{\"@type\":\"BreadcrumbList\",\"@id\":\"https:\\\/\\\/masricardenque.fr\\\/culture-de-la-rose\\\/cueillette-rose-callian\\\/#breadcrumb\",\"itemListElement\":[{\"@type\":\"ListItem\",\"position\":1,\"name\":\"Accueil\",\"item\":\"https:\\\/\\\/masricardenque.fr\\\/\"},{\"@type\":\"ListItem\",\"position\":2,\"name\":\"La Rose Centifolia : Une Plante \u00e0 Parfums Exceptionnelle, Cultiv\u00e9e avec Soin dans le Canton de Fayence\"}]},{\"@type\":\"WebSite\",\"@id\":\"https:\\\/\\\/masricardenque.fr\\\/#website\",\"url\":\"https:\\\/\\\/masricardenque.fr\\\/\",\"name\":\"www.masricardenque.fr\",\"description\":\"Producteur de vins et de roses centifolia biologiques \u00e0 Callian\",\"publisher\":{\"@id\":\"https:\\\/\\\/masricardenque.fr\\\/#organization\"},\"potentialAction\":[{\"@type\":\"SearchAction\",\"target\":{\"@type\":\"EntryPoint\",\"urlTemplate\":\"https:\\\/\\\/masricardenque.fr\\\/?s={search_term_string}\"},\"query-input\":{\"@type\":\"PropertyValueSpecification\",\"valueRequired\":true,\"valueName\":\"search_term_string\"}}],\"inLanguage\":\"en-GB\"},{\"@type\":\"Organization\",\"@id\":\"https:\\\/\\\/masricardenque.fr\\\/#organization\",\"name\":\"www.masricardenque.fr\",\"url\":\"https:\\\/\\\/masricardenque.fr\\\/\",\"logo\":{\"@type\":\"ImageObject\",\"inLanguage\":\"en-GB\",\"@id\":\"https:\\\/\\\/masricardenque.fr\\\/#\\\/schema\\\/logo\\\/image\\\/\",\"url\":\"https:\\\/\\\/masricardenque.fr\\\/wp-content\\\/uploads\\\/2022\\\/06\\\/cropped-Logo-mas-ricardenque-noir.png\",\"contentUrl\":\"https:\\\/\\\/masricardenque.fr\\\/wp-content\\\/uploads\\\/2022\\\/06\\\/cropped-Logo-mas-ricardenque-noir.png\",\"width\":890,\"height\":418,\"caption\":\"www.masricardenque.fr\"},\"image\":{\"@id\":\"https:\\\/\\\/masricardenque.fr\\\/#\\\/schema\\\/logo\\\/image\\\/\"},\"sameAs\":[\"https:\\\/\\\/www.facebook.com\\\/profile.php?id=100054311390282\"]},{\"@type\":\"Person\",\"@id\":\"https:\\\/\\\/masricardenque.fr\\\/#\\\/schema\\\/person\\\/2bb9b436e79c524ca70246e47c6a74d5\",\"name\":\"admin\",\"image\":{\"@type\":\"ImageObject\",\"inLanguage\":\"en-GB\",\"@id\":\"https:\\\/\\\/masricardenque.fr\\\/wp-content\\\/litespeed\\\/avatar\\\/3fa868de1d7968846407055a57827220.jpg?ver=1777477003\",\"url\":\"https:\\\/\\\/masricardenque.fr\\\/wp-content\\\/litespeed\\\/avatar\\\/3fa868de1d7968846407055a57827220.jpg?ver=1777477003\",\"contentUrl\":\"https:\\\/\\\/masricardenque.fr\\\/wp-content\\\/litespeed\\\/avatar\\\/3fa868de1d7968846407055a57827220.jpg?ver=1777477003\",\"caption\":\"admin\"},\"sameAs\":[\"https:\\\/\\\/masricardenque.fr\"],\"url\":\"https:\\\/\\\/masricardenque.fr\\\/en\\\/author\\\/admin\\\/\"}]}<\/script>\n<!-- \/ Yoast SEO plugin. -->","yoast_head_json":{"title":"La Rose Centifolia : Une plante \u00e0 parfums cultiv\u00e9e \u00e0 Callian (Var)","description":"La Rose Centifolia,est une plante \u00e0 parfums embl\u00e9matique. Sa culture biologique et sa cueillette familiale au Mas Ricardenque font d'elle une fleur d'une qualit\u00e9 exceptionnelle.","robots":{"index":"index","follow":"follow","max-snippet":"max-snippet:-1","max-image-preview":"max-image-preview:large","max-video-preview":"max-video-preview:-1"},"canonical":"https:\/\/masricardenque.fr\/en\/culture-de-la-rose\/cueillette-rose-callian\/","og_locale":"en_GB","og_type":"article","og_title":"La Rose Centifolia : Une plante \u00e0 parfums cultiv\u00e9e \u00e0 Callian (Var)","og_description":"La Rose Centifolia,est une plante \u00e0 parfums embl\u00e9matique. Sa culture biologique et sa cueillette familiale au Mas Ricardenque font d'elle une fleur d'une qualit\u00e9 exceptionnelle.","og_url":"https:\/\/masricardenque.fr\/en\/culture-de-la-rose\/cueillette-rose-callian\/","og_site_name":"Mas Ricardenque","article_publisher":"https:\/\/www.facebook.com\/profile.php?id=100054311390282","article_published_time":"2023-05-25T10:00:00+00:00","article_modified_time":"2023-06-09T10:32:24+00:00","og_image":[{"width":1707,"height":2560,"url":"https:\/\/masricardenque.fr\/wp-content\/uploads\/2023\/06\/7-scaled.jpg","type":"image\/jpeg"}],"author":"admin","twitter_card":"summary_large_image","twitter_misc":{"Written by":"admin","Estimated reading time":"2 minutes"},"schema":{"@context":"https:\/\/schema.org","@graph":[{"@type":"Article","@id":"https:\/\/masricardenque.fr\/culture-de-la-rose\/cueillette-rose-callian\/#article","isPartOf":{"@id":"https:\/\/masricardenque.fr\/culture-de-la-rose\/cueillette-rose-callian\/"},"author":{"name":"admin","@id":"https:\/\/masricardenque.fr\/#\/schema\/person\/2bb9b436e79c524ca70246e47c6a74d5"},"headline":"La Rose Centifolia : Une Plante \u00e0 Parfums Exceptionnelle, Cultiv\u00e9e avec Soin dans le Canton de Fayence","datePublished":"2023-05-25T10:00:00+00:00","dateModified":"2023-06-09T10:32:24+00:00","mainEntityOfPage":{"@id":"https:\/\/masricardenque.fr\/culture-de-la-rose\/cueillette-rose-callian\/"},"wordCount":375,"publisher":{"@id":"https:\/\/masricardenque.fr\/#organization"},"image":{"@id":"https:\/\/masricardenque.fr\/culture-de-la-rose\/cueillette-rose-callian\/#primaryimage"},"thumbnailUrl":"https:\/\/masricardenque.fr\/wp-content\/uploads\/2023\/06\/7-scaled.jpg","articleSection":["Culture de la rose"],"inLanguage":"en-GB"},{"@type":"WebPage","@id":"https:\/\/masricardenque.fr\/culture-de-la-rose\/cueillette-rose-callian\/","url":"https:\/\/masricardenque.fr\/culture-de-la-rose\/cueillette-rose-callian\/","name":"La Rose Centifolia : Une plante \u00e0 parfums cultiv\u00e9e \u00e0 Callian (Var)","isPartOf":{"@id":"https:\/\/masricardenque.fr\/#website"},"primaryImageOfPage":{"@id":"https:\/\/masricardenque.fr\/culture-de-la-rose\/cueillette-rose-callian\/#primaryimage"},"image":{"@id":"https:\/\/masricardenque.fr\/culture-de-la-rose\/cueillette-rose-callian\/#primaryimage"},"thumbnailUrl":"https:\/\/masricardenque.fr\/wp-content\/uploads\/2023\/06\/7-scaled.jpg","datePublished":"2023-05-25T10:00:00+00:00","dateModified":"2023-06-09T10:32:24+00:00","description":"La Rose Centifolia,est une plante \u00e0 parfums embl\u00e9matique. Sa culture biologique et sa cueillette familiale au Mas Ricardenque font d'elle une fleur d'une qualit\u00e9 exceptionnelle.","breadcrumb":{"@id":"https:\/\/masricardenque.fr\/culture-de-la-rose\/cueillette-rose-callian\/#breadcrumb"},"inLanguage":"en-GB","potentialAction":[{"@type":"ReadAction","target":["https:\/\/masricardenque.fr\/culture-de-la-rose\/cueillette-rose-callian\/"]}]},{"@type":"ImageObject","inLanguage":"en-GB","@id":"https:\/\/masricardenque.fr\/culture-de-la-rose\/cueillette-rose-callian\/#primaryimage","url":"https:\/\/masricardenque.fr\/wp-content\/uploads\/2023\/06\/7-scaled.jpg","contentUrl":"https:\/\/masricardenque.fr\/wp-content\/uploads\/2023\/06\/7-scaled.jpg","width":1707,"height":2560},{"@type":"BreadcrumbList","@id":"https:\/\/masricardenque.fr\/culture-de-la-rose\/cueillette-rose-callian\/#breadcrumb","itemListElement":[{"@type":"ListItem","position":1,"name":"Accueil","item":"https:\/\/masricardenque.fr\/"},{"@type":"ListItem","position":2,"name":"La Rose Centifolia : Une Plante \u00e0 Parfums Exceptionnelle, Cultiv\u00e9e avec Soin dans le Canton de Fayence"}]},{"@type":"WebSite","@id":"https:\/\/masricardenque.fr\/#website","url":"https:\/\/masricardenque.fr\/","name":"www.masricardenque.fr","description":"Wine and rosa centifolia organic producer in Callian","publisher":{"@id":"https:\/\/masricardenque.fr\/#organization"},"potentialAction":[{"@type":"SearchAction","target":{"@type":"EntryPoint","urlTemplate":"https:\/\/masricardenque.fr\/?s={search_term_string}"},"query-input":{"@type":"PropertyValueSpecification","valueRequired":true,"valueName":"search_term_string"}}],"inLanguage":"en-GB"},{"@type":"Organization","@id":"https:\/\/masricardenque.fr\/#organization","name":"www.masricardenque.fr","url":"https:\/\/masricardenque.fr\/","logo":{"@type":"ImageObject","inLanguage":"en-GB","@id":"https:\/\/masricardenque.fr\/#\/schema\/logo\/image\/","url":"https:\/\/masricardenque.fr\/wp-content\/uploads\/2022\/06\/cropped-Logo-mas-ricardenque-noir.png","contentUrl":"https:\/\/masricardenque.fr\/wp-content\/uploads\/2022\/06\/cropped-Logo-mas-ricardenque-noir.png","width":890,"height":418,"caption":"www.masricardenque.fr"},"image":{"@id":"https:\/\/masricardenque.fr\/#\/schema\/logo\/image\/"},"sameAs":["https:\/\/www.facebook.com\/profile.php?id=100054311390282"]},{"@type":"Person","@id":"https:\/\/masricardenque.fr\/#\/schema\/person\/2bb9b436e79c524ca70246e47c6a74d5","name":"admin","image":{"@type":"ImageObject","inLanguage":"en-GB","@id":"https:\/\/masricardenque.fr\/wp-content\/litespeed\/avatar\/3fa868de1d7968846407055a57827220.jpg?ver=1777477003","url":"https:\/\/masricardenque.fr\/wp-content\/litespeed\/avatar\/3fa868de1d7968846407055a57827220.jpg?ver=1777477003","contentUrl":"https:\/\/masricardenque.fr\/wp-content\/litespeed\/avatar\/3fa868de1d7968846407055a57827220.jpg?ver=1777477003","caption":"admin"},"sameAs":["https:\/\/masricardenque.fr"],"url":"https:\/\/masricardenque.fr\/en\/author\/admin\/"}]}},"_links":{"self":[{"href":"https:\/\/masricardenque.fr\/en\/wp-json\/wp\/v2\/posts\/3134","targetHints":{"allow":["GET"]}}],"collection":[{"href":"https:\/\/masricardenque.fr\/en\/wp-json\/wp\/v2\/posts"}],"about":[{"href":"https:\/\/masricardenque.fr\/en\/wp-json\/wp\/v2\/types\/post"}],"author":[{"embeddable":true,"href":"https:\/\/masricardenque.fr\/en\/wp-json\/wp\/v2\/users\/1"}],"replies":[{"embeddable":true,"href":"https:\/\/masricardenque.fr\/en\/wp-json\/wp\/v2\/comments?post=3134"}],"version-history":[{"count":4,"href":"https:\/\/masricardenque.fr\/en\/wp-json\/wp\/v2\/posts\/3134\/revisions"}],"predecessor-version":[{"id":3172,"href":"https:\/\/masricardenque.fr\/en\/wp-json\/wp\/v2\/posts\/3134\/revisions\/3172"}],"wp:featuredmedia":[{"embeddable":true,"href":"https:\/\/masricardenque.fr\/en\/wp-json\/wp\/v2\/media\/3136"}],"wp:attachment":[{"href":"https:\/\/masricardenque.fr\/en\/wp-json\/wp\/v2\/media?parent=3134"}],"wp:term":[{"taxonomy":"category","embeddable":true,"href":"https:\/\/masricardenque.fr\/en\/wp-json\/wp\/v2\/categories?post=3134"},{"taxonomy":"post_tag","embeddable":true,"href":"https:\/\/masricardenque.fr\/en\/wp-json\/wp\/v2\/tags?post=3134"}],"curies":[{"name":"wp","href":"https:\/\/api.w.org\/{rel}","templated":true}]}}